{"id":2152,"date":"2026-07-11T14:00:00","date_gmt":"2026-07-11T20:00:00","guid":{"rendered":"https:\/\/promaica.com\/blog\/?p=2152"},"modified":"2026-07-10T13:07:11","modified_gmt":"2026-07-10T19:07:11","slug":"por-que-tu-casa-sigue-caliente-aunque-este-lloviendo-el-aislamiento-termico-sigue-siendo-clave-en-el-salvador","status":"publish","type":"post","link":"https:\/\/promaica.com\/blog\/por-que-tu-casa-sigue-caliente-aunque-este-lloviendo-el-aislamiento-termico-sigue-siendo-clave-en-el-salvador\/","title":{"rendered":"\u00bfPor qu\u00e9 tu casa sigue caliente aunque est\u00e9 lloviendo? El aislamiento t\u00e9rmico sigue siendo clave en El Salvador\u00a0\u00a0"},"content":{"rendered":"\n<p class=\"has-ast-global-color-8-color has-text-color has-link-color has-medium-font-size wp-elements-1 wp-block-paragraph\">En El Salvador es com\u00fan escuchar frases como: <em>\u00abYa comenz\u00f3 el invierno, ahora la casa deber\u00eda sentirse m\u00e1s fresca.\u00bb<\/em> Sin embargo, muchas personas descubren que, incluso durante los d\u00edas lluviosos, el interior de su vivienda sigue acumulando calor y permanece inc\u00f3modo durante gran parte del d\u00eda.<\/p>\n\n\n\n<p class=\"has-ast-global-color-8-color has-text-color has-link-color has-medium-font-size wp-elements-2 wp-block-paragraph\"><strong>\u00bfPor qu\u00e9 ocurre esto?<\/strong><\/p>\n\n\n\n<p class=\"has-ast-global-color-8-color has-text-color has-link-color has-medium-font-size wp-elements-3 wp-block-paragraph\">La respuesta est\u00e1 en c\u00f3mo se comportan los materiales de construcci\u00f3n frente a la temperatura y en la falta de un adecuado aislamiento t\u00e9rmico. La lluvia puede disminuir moment\u00e1neamente la temperatura exterior, pero si el techo y las paredes contin\u00faan transfiriendo calor hacia el interior, la sensaci\u00f3n t\u00e9rmica seguir\u00e1 siendo elevada.<\/p>\n\n\n\n<p class=\"has-ast-global-color-8-color has-text-color has-link-color has-medium-font-size wp-elements-4 wp-block-paragraph\">En este art\u00edculo te explicamos por qu\u00e9 sucede este fen\u00f3meno y c\u00f3mo mejorar el confort t\u00e9rmico de una vivienda sin depender \u00fanicamente del aire acondicionado.<\/p>\n\n\n\n<h4 class=\"wp-block-heading has-text-align-center has-ast-global-color-8-color has-text-color has-link-color wp-elements-5\"><strong>\u00bfLa lluvia realmente enfr\u00eda una vivienda?<\/strong>&nbsp;&nbsp;<\/h4>\n\n\n\n<div style=\"height:25px\" aria-hidden=\"true\" class=\"wp-block-spacer\"><\/div>\n\n\n\n<p class=\"has-ast-global-color-8-color has-text-color has-link-color has-medium-font-size wp-elements-6 wp-block-paragraph\">La lluvia ayuda a disminuir la temperatura del ambiente durante ciertos momentos del d\u00eda, pero no evita que el calor acumulado en la estructura del edificio contin\u00fae ingresando al interior.<\/p>\n\n\n\n<p class=\"has-ast-global-color-8-color has-text-color has-link-color has-medium-font-size wp-elements-7 wp-block-paragraph\">En viviendas con techos de l\u00e1mina, losas de concreto o cubiertas expuestas al sol, los materiales absorben calor durante horas. Aunque posteriormente llueva, esa energ\u00eda t\u00e9rmica sigue liber\u00e1ndose lentamente hacia el interior.<\/p>\n\n\n\n<p class=\"has-ast-global-color-8-color has-text-color has-link-color has-medium-font-size wp-elements-8 wp-block-paragraph\">Por eso muchas personas sienten que su casa contin\u00faa caliente incluso cuando afuera est\u00e1 lloviendo.<\/p>\n\n\n\n<h4 class=\"wp-block-heading has-text-align-center has-ast-global-color-8-color has-text-color has-link-color wp-elements-9\"><strong>\u00bfPor qu\u00e9 algunas viviendas mantienen el calor durante todo el d\u00eda?<\/strong>&nbsp;&nbsp;<\/h4>\n\n\n\n<div style=\"height:25px\" aria-hidden=\"true\" class=\"wp-block-spacer\"><\/div>\n\n\n\n<p class=\"has-ast-global-color-8-color has-text-color has-link-color has-medium-font-size wp-elements-10 wp-block-paragraph\">El problema no siempre es la temperatura exterior.<\/p>\n\n\n\n<p class=\"has-ast-global-color-8-color has-text-color has-link-color has-medium-font-size wp-elements-11 wp-block-paragraph\">En muchos casos, la construcci\u00f3n presenta una alta transferencia t\u00e9rmica.<\/p>\n\n\n\n<p class=\"has-text-align-center has-ast-global-color-8-color has-text-color has-link-color has-medium-font-size wp-elements-12 wp-block-paragraph\">Esto significa que el calor entra f\u00e1cilmente por:<\/p>\n\n\n\n<div style=\"height:15px\" aria-hidden=\"true\" class=\"wp-block-spacer\"><\/div>\n\n\n\n<ul class=\"wp-block-list has-ast-global-color-8-color has-text-color has-link-color wp-elements-13\">\n<li class=\"has-medium-font-size\">Techos.<\/li>\n\n\n\n<li class=\"has-medium-font-size\">Cubiertas met\u00e1licas.<\/li>\n\n\n\n<li class=\"has-medium-font-size\">Losas de concreto.<\/li>\n\n\n\n<li class=\"has-medium-font-size\">Paredes expuestas al sol.<\/li>\n\n\n\n<li class=\"has-medium-font-size\">Puentes t\u00e9rmicos.<\/li>\n\n\n\n<li class=\"has-medium-font-size\">\u00c1reas sin aislamiento t\u00e9rmico.<\/li>\n<\/ul>\n\n\n\n<p class=\"has-ast-global-color-8-color has-text-color has-link-color has-medium-font-size wp-elements-14 wp-block-paragraph\">Como consecuencia, la vivienda tarda mucho m\u00e1s tiempo en disipar el calor acumulado.<\/p>\n\n\n\n<p class=\"has-ast-global-color-8-color has-text-color has-link-color has-medium-font-size wp-elements-15 wp-block-paragraph\"><strong>El techo: la principal fuente de ingreso de calor<\/strong>&nbsp;&nbsp;<\/p>\n\n\n\n<p class=\"has-ast-global-color-8-color has-text-color has-link-color has-medium-font-size wp-elements-16 wp-block-paragraph\">En el clima salvadore\u00f1o, el techo suele ser la superficie m\u00e1s expuesta a la radiaci\u00f3n solar.<\/p>\n\n\n\n<p class=\"has-ast-global-color-8-color has-text-color has-link-color has-medium-font-size wp-elements-17 wp-block-paragraph\">Aunque posteriormente llueva, la estructura ya absorbi\u00f3 una gran cantidad de energ\u00eda.<\/p>\n\n\n\n<p class=\"has-ast-global-color-8-color has-text-color has-link-color has-medium-font-size wp-elements-18 wp-block-paragraph\">Si esa cubierta no cuenta con aislamiento t\u00e9rmico, el calor continuar\u00e1 transmiti\u00e9ndose hacia el interior durante varias horas.<\/p>\n\n\n\n<p class=\"has-ast-global-color-8-color has-text-color has-link-color has-medium-font-size wp-elements-19 wp-block-paragraph\">Por esta raz\u00f3n, muchas personas sienten que las habitaciones permanecen calientes incluso durante la noche.<\/p>\n\n\n\n<h4 class=\"wp-block-heading has-text-align-center has-ast-global-color-8-color has-text-color has-link-color wp-elements-20\"><strong>\u00bfEl cielo falso reduce el calor?<\/strong>&nbsp;&nbsp;<\/h4>\n\n\n\n<div style=\"height:25px\" aria-hidden=\"true\" class=\"wp-block-spacer\"><\/div>\n\n\n\n<p class=\"has-ast-global-color-8-color has-text-color has-link-color has-medium-font-size wp-elements-21 wp-block-paragraph\">Existe un mito muy com\u00fan.<\/p>\n\n\n\n<p class=\"has-ast-global-color-8-color has-text-color has-link-color has-medium-font-size wp-elements-22 wp-block-paragraph\">Muchas personas creen que instalar un cielo falso autom\u00e1ticamente har\u00e1 que la vivienda sea m\u00e1s fresca.<\/p>\n\n\n\n<p class=\"has-ast-global-color-8-color has-text-color has-link-color has-medium-font-size wp-elements-23 wp-block-paragraph\">La realidad es que un cielo falso convencional <strong>no fue dise\u00f1ado para funcionar como aislante t\u00e9rmico<\/strong>.<\/p>\n\n\n\n<p class=\"has-ast-global-color-8-color has-text-color has-link-color has-medium-font-size wp-elements-24 wp-block-paragraph\">Su funci\u00f3n principal es est\u00e9tica o para ocultar instalaciones.<\/p>\n\n\n\n<p class=\"has-ast-global-color-8-color has-text-color has-link-color has-medium-font-size wp-elements-25 wp-block-paragraph\">Si no existe un material aislante entre la cubierta y el cielo falso, el calor continuar\u00e1 atravesando la estructura.<\/p>\n\n\n\n<h4 class=\"wp-block-heading has-text-align-center has-ast-global-color-8-color has-text-color has-link-color wp-elements-26\"><strong>\u00bfC\u00f3mo ayuda el aislamiento t\u00e9rmico?<\/strong>&nbsp;&nbsp;<\/h4>\n\n\n\n<div style=\"height:25px\" aria-hidden=\"true\" class=\"wp-block-spacer\"><\/div>\n\n\n\n<p class=\"has-ast-global-color-8-color has-text-color has-link-color has-medium-font-size wp-elements-27 wp-block-paragraph\">El aislamiento t\u00e9rmico reduce la transferencia de calor entre el exterior y el interior de la construcci\u00f3n.<\/p>\n\n\n\n<p class=\"has-ast-global-color-8-color has-text-color has-link-color has-medium-font-size wp-elements-28 wp-block-paragraph\">Su objetivo no es producir fr\u00edo, sino dificultar que el calor ingrese al edificio.<\/p>\n\n\n\n<p class=\"has-ast-global-color-8-color has-text-color has-link-color has-medium-font-size wp-elements-29 wp-block-paragraph\">Esto permite:<\/p>\n\n\n\n<ul class=\"wp-block-list has-ast-global-color-8-color has-text-color has-link-color wp-elements-30\">\n<li class=\"has-medium-font-size\">Mayor confort t\u00e9rmico.<\/li>\n\n\n\n<li class=\"has-medium-font-size\">Menor acumulaci\u00f3n de calor.<\/li>\n\n\n\n<li class=\"has-medium-font-size\">Ambientes m\u00e1s estables.<\/li>\n\n\n\n<li class=\"has-medium-font-size\">Menor esfuerzo del aire acondicionado.<\/li>\n\n\n\n<li class=\"has-ast-global-color-8-color has-text-color has-link-color has-medium-font-size wp-elements-31\">Mejor eficiencia energ\u00e9tica.<\/li>\n<\/ul>\n\n\n\n<p class=\"has-ast-global-color-8-color has-text-color has-link-color has-medium-font-size wp-elements-32 wp-block-paragraph\">En un clima c\u00e1lido como el de El Salvador, esta diferencia puede percibirse durante todo el a\u00f1o, incluso en temporada de lluvias.<\/p>\n\n\n\n<h4 class=\"wp-block-heading has-text-align-center has-ast-global-color-8-color has-text-color has-link-color wp-elements-33\"><strong>Soluciones de aislamiento t\u00e9rmico para viviendas<\/strong>&nbsp;&nbsp;<\/h4>\n\n\n\n<div style=\"height:25px\" aria-hidden=\"true\" class=\"wp-block-spacer\"><\/div>\n\n\n\n<p class=\"has-ast-global-color-8-color has-text-color has-link-color has-medium-font-size wp-elements-34 wp-block-paragraph\">Dependiendo del tipo de construcci\u00f3n, existen diferentes alternativas que pueden formar parte de una estrategia para mejorar el confort t\u00e9rmico.<\/p>\n\n\n\n<p class=\"has-ast-global-color-8-color has-text-color has-link-color has-medium-font-size wp-elements-35 wp-block-paragraph\">\ud83d\udd39<strong>Aislhogar<\/strong>\u00a0\u00a0<\/p>\n\n\n\n<p class=\"has-ast-global-color-8-color has-text-color has-link-color has-medium-font-size wp-elements-36 wp-block-paragraph\">Aislhogar es un aislamiento de fibra de vidrio desarrollado para aplicaciones residenciales.<\/p>\n\n\n\n<p class=\"has-ast-global-color-8-color has-text-color has-link-color has-medium-font-size wp-elements-37 wp-block-paragraph\">Puede instalarse en techos y otras \u00e1reas de la vivienda para ayudar a disminuir la transferencia de calor y crear espacios m\u00e1s confortables.<\/p>\n\n\n\n<p class=\"has-ast-global-color-8-color has-text-color has-link-color has-medium-font-size wp-elements-38 wp-block-paragraph\">En zonas costeras o con mayor presencia de humedad, tambi\u00e9n puede evaluarse el uso de presentaciones con barrera de vapor Kraft, seg\u00fan las necesidades del proyecto.<\/p>\n\n\n\n<p class=\"has-ast-global-color-8-color has-text-color has-link-color has-medium-font-size wp-elements-39 wp-block-paragraph\">\ud83d\udd39<strong>MBI<\/strong>\u00a0\u00a0<\/p>\n\n\n\n<p class=\"has-ast-global-color-8-color has-text-color has-link-color has-medium-font-size wp-elements-40 wp-block-paragraph\">Cuando la construcci\u00f3n cuenta con cubiertas met\u00e1licas o se trata de edificaciones de mayor tama\u00f1o, MBI es una soluci\u00f3n ampliamente utilizada para mejorar el desempe\u00f1o t\u00e9rmico de techos met\u00e1licos.<\/p>\n\n\n\n<p class=\"has-ast-global-color-8-color has-text-color has-link-color has-medium-font-size wp-elements-41 wp-block-paragraph\">\ud83d\udd39<strong>Foamular XPS<\/strong>\u00a0\u00a0<\/p>\n\n\n\n<p class=\"has-ast-global-color-8-color has-text-color has-link-color has-medium-font-size wp-elements-42 wp-block-paragraph\">Las placas de poliestireno extruido (XPS) ofrecen un excelente comportamiento t\u00e9rmico y una alta resistencia a la humedad, siendo una alternativa para diferentes aplicaciones constructivas donde se busca mejorar la eficiencia energ\u00e9tica.<\/p>\n\n\n\n<h4 class=\"wp-block-heading has-text-align-center has-ast-global-color-8-color has-text-color has-link-color wp-elements-43\"><strong>Beneficios de aislar una vivienda en un clima c\u00e1lido<\/strong>&nbsp;&nbsp;<\/h4>\n\n\n\n<div style=\"height:25px\" aria-hidden=\"true\" class=\"wp-block-spacer\"><\/div>\n\n\n\n<p class=\"has-text-align-center has-ast-global-color-8-color has-text-color has-link-color has-medium-font-size wp-elements-44 wp-block-paragraph\">Un sistema de aislamiento t\u00e9rmico correctamente seleccionado puede aportar beneficios como:<\/p>\n\n\n\n<div style=\"height:15px\" aria-hidden=\"true\" class=\"wp-block-spacer\"><\/div>\n\n\n\n<p class=\"has-ast-global-color-8-color has-text-color has-link-color has-medium-font-size wp-elements-45 wp-block-paragraph\">\u2714  Mayor confort durante todo el a\u00f1o.<br>\u2714  Menor ingreso de calor desde el techo.<br>\u2714  Mejor desempe\u00f1o del aire acondicionado.<br>\u2714  Ambientes interiores m\u00e1s agradables.<br>\u2714  Mayor eficiencia energ\u00e9tica.<br>\u2714  Protecci\u00f3n de la inversi\u00f3n en la vivienda.<\/p>\n\n\n\n<h4 class=\"wp-block-heading has-text-align-center has-ast-global-color-8-color has-text-color has-link-color wp-elements-46\"><strong>\u00bfC\u00f3mo saber si tu casa necesita aislamiento t\u00e9rmico?<\/strong>&nbsp;&nbsp;<\/h4>\n\n\n\n<div style=\"height:25px\" aria-hidden=\"true\" class=\"wp-block-spacer\"><\/div>\n\n\n\n<p class=\"has-text-align-center has-ast-global-color-8-color has-text-color has-link-color has-medium-font-size wp-elements-47 wp-block-paragraph\">Estas son algunas se\u00f1ales frecuentes:<\/p>\n\n\n\n<div style=\"height:15px\" aria-hidden=\"true\" class=\"wp-block-spacer\"><\/div>\n\n\n\n<ul class=\"wp-block-list has-ast-global-color-8-color has-text-color has-link-color wp-elements-48\">\n<li class=\"has-medium-font-size\">La casa permanece caliente incluso cuando llueve.<\/li>\n\n\n\n<li class=\"has-medium-font-size\">Las habitaciones del segundo nivel son mucho m\u00e1s c\u00e1lidas.<\/li>\n\n\n\n<li class=\"has-medium-font-size\">El techo transmite calor al tocar el cielo falso.<\/li>\n\n\n\n<li class=\"has-medium-font-size\">El aire acondicionado funciona durante muchas horas.<\/li>\n\n\n\n<li class=\"has-medium-font-size\">La temperatura interior cambia r\u00e1pidamente cuando sale el sol.<\/li>\n<\/ul>\n\n\n\n<p class=\"has-ast-global-color-8-color has-text-color has-link-color has-medium-font-size wp-elements-49 wp-block-paragraph\">Si identificas varias de estas situaciones, es recomendable evaluar el comportamiento t\u00e9rmico de la vivienda.<\/p>\n\n\n\n<h4 class=\"wp-block-heading has-text-align-center has-ast-global-color-8-color has-text-color has-link-color wp-elements-50\"><strong>Preguntas frecuentes<\/strong>&nbsp;&nbsp;<\/h4>\n\n\n\n<div style=\"height:25px\" aria-hidden=\"true\" class=\"wp-block-spacer\"><\/div>\n\n\n\n<ol class=\"wp-block-list\">\n<li class=\"has-ast-global-color-8-color has-text-color has-link-color has-medium-font-size wp-elements-51\"><strong>\u00bfPor qu\u00e9 mi casa sigue caliente aunque est\u00e9 lloviendo?<\/strong>\u00a0\u00a0Porque los materiales de construcci\u00f3n contin\u00faan liberando el calor que acumularon durante las horas de mayor radiaci\u00f3n solar.<br><\/li>\n\n\n\n<li class=\"has-ast-global-color-8-color has-text-color has-link-color has-medium-font-size wp-elements-52\"><strong>\u00bfLa lluvia elimina el calor acumulado en el techo?<\/strong>\u00a0\u00a0No completamente. La estructura puede seguir transmitiendo calor hacia el interior incluso despu\u00e9s de iniciar la lluvia.<br><\/li>\n\n\n\n<li class=\"has-ast-global-color-8-color has-text-color has-link-color has-medium-font-size wp-elements-53\"><strong>\u00bfEl cielo falso funciona como aislante t\u00e9rmico?<\/strong>\u00a0\u00a0No necesariamente. Para reducir la transferencia de calor suele ser necesario incorporar un material de aislamiento t\u00e9rmico.<br><\/li>\n\n\n\n<li class=\"has-ast-global-color-8-color has-text-color has-link-color has-medium-font-size wp-elements-54\"><strong>\u00bfQu\u00e9 aislante puede ayudar a reducir el calor en una vivienda?<\/strong>\u00a0\u00a0Dependiendo del proyecto, soluciones como Aislhogar, MBI o Foamular XPS pueden formar parte de una estrategia para mejorar el comportamiento t\u00e9rmico de la construcci\u00f3n.<br><\/li>\n\n\n\n<li class=\"has-ast-global-color-8-color has-text-color has-link-color has-medium-font-size wp-elements-55\"><strong>\u00bfVale la pena instalar aislamiento t\u00e9rmico en El Salvador?<\/strong>\u00a0\u00a0En un pa\u00eds con altas temperaturas durante gran parte del a\u00f1o, el aislamiento t\u00e9rmico puede contribuir a mejorar el confort interior y favorecer una mayor eficiencia energ\u00e9tica.<\/li>\n<\/ol>\n\n\n\n<h4 class=\"wp-block-heading has-text-align-center has-ast-global-color-8-color has-text-color has-link-color wp-elements-56\"><strong>\u00bfD\u00f3nde encontrar soluciones de aislamiento t\u00e9rmico en El Salvador?<\/strong>&nbsp;&nbsp;<\/h4>\n\n\n\n<div style=\"height:25px\" aria-hidden=\"true\" class=\"wp-block-spacer\"><\/div>\n\n\n\n<p class=\"has-ast-global-color-8-color has-text-color has-link-color has-medium-font-size wp-elements-57 wp-block-paragraph\">Si deseas mejorar el confort de tu vivienda, reducir la transferencia de calor y conocer qu\u00e9 soluci\u00f3n se adapta mejor a tu proyecto, en <strong>PROMAICA<\/strong> encontrar\u00e1s productos especializados para aplicaciones residenciales, comerciales e industriales.<\/p>\n\n\n\n<p class=\"has-ast-global-color-8-color has-text-color has-link-color has-medium-font-size wp-elements-58 wp-block-paragraph\">\ud83c\udf10 Conoce m\u00e1s en:  <a href=\"https:\/\/promaica.com\/\">https:\/\/promaica.com\/<\/a><\/p>\n\n\n\n<p class=\"has-text-align-center has-ast-global-color-8-color has-text-color has-link-color has-medium-font-size wp-elements-59 wp-block-paragraph\"><strong>Tambi\u00e9n puedes visitar nuestras sucursales:<\/strong><\/p>\n\n\n\n<div style=\"height:20px\" aria-hidden=\"true\" class=\"wp-block-spacer\"><\/div>\n\n\n\n<p class=\"has-ast-global-color-8-color has-text-color has-link-color has-medium-font-size wp-elements-60 wp-block-paragraph\">\ud83d\udccd <strong>San Salvador:<\/strong> Calle Roma y Calle Lorena #170.<\/p>\n\n\n\n<p class=\"has-ast-global-color-8-color has-text-color has-link-color has-medium-font-size wp-elements-61 wp-block-paragraph\">\ud83d\udccd <strong>San Miguel:<\/strong> Carretera Panamericana, 500 metros despu\u00e9s de Metrocentro, ex local El Z\u00f3calo.<\/p>\n\n\n\n<p class=\"has-ast-global-color-8-color has-text-color has-link-color has-medium-font-size wp-elements-62 wp-block-paragraph\">\ud83d\udcde <strong>Tel\u00e9fono:<\/strong> 2515-0030.<\/p>\n\n\n\n<h4 class=\"wp-block-heading has-text-align-center has-ast-global-color-8-color has-text-color has-link-color wp-elements-63\"><strong>Conclusi\u00f3n<\/strong>&nbsp;&nbsp;<\/h4>\n\n\n\n<div style=\"height:25px\" aria-hidden=\"true\" class=\"wp-block-spacer\"><\/div>\n\n\n\n<p class=\"has-ast-global-color-8-color has-text-color has-link-color has-medium-font-size wp-elements-64 wp-block-paragraph\">La llegada de la temporada de lluvias no garantiza que una vivienda deje de sentirse caliente. Cuando el techo y las paredes contin\u00faan transfiriendo el calor acumulado durante el d\u00eda, el confort interior sigue vi\u00e9ndose afectado.<\/p>\n\n\n\n<p class=\"has-ast-global-color-8-color has-text-color has-link-color has-medium-font-size wp-elements-65 wp-block-paragraph\">Comprender c\u00f3mo funciona la transferencia t\u00e9rmica y considerar soluciones de aislamiento adecuadas permite crear espacios m\u00e1s frescos, confortables y eficientes durante todo el a\u00f1o, independientemente de la \u00e9poca lluviosa.<\/p>\n\n\n\n<div style=\"height:30px\" aria-hidden=\"true\" class=\"wp-block-spacer\"><\/div>\n\n\n\n<div class=\"wp-block-columns is-layout-flex wp-container-core-columns-is-layout-7387b849 wp-block-columns-is-layout-flex\">\n<div class=\"wp-block-column is-layout-flow wp-block-column-is-layout-flow\" style=\"flex-basis:33.33%\">\n<p class=\"has-text-align-center has-ast-global-color-8-color has-text-color has-link-color has-medium-font-size wp-elements-66 wp-block-paragraph\"><strong>\u00a1Visita nuestra tienda en l\u00ednea!<\/strong><\/p>\n\n\n\n<figure class=\"wp-block-image aligncenter size-full\"><a href=\"https:\/\/shop.equipoypartes.com\/promaica\/inicio\"><img decoding=\"async\" width=\"90\" height=\"90\" src=\"https:\/\/promaica.com\/blog\/wp-content\/uploads\/2026\/04\/icons8-carrito-de-compras-90.png\" alt=\"\" class=\"wp-image-1853\"\/><\/a><\/figure>\n<\/div>\n\n\n\n<div class=\"wp-block-column is-layout-flow wp-block-column-is-layout-flow\" style=\"flex-basis:66.66%\">\n<p class=\"has-ast-global-color-8-color has-text-color has-link-color has-medium-font-size wp-elements-67 wp-block-paragraph\"><strong>S\u00edguenos en nuestras redes sociales<\/strong><\/p>\n\n\n\n<div style=\"height:6px\" aria-hidden=\"true\" class=\"wp-block-spacer\"><\/div>\n\n\n\n<ul class=\"wp-block-social-links has-huge-icon-size is-style-logos-only is-layout-flex wp-block-social-links-is-layout-flex\"><li class=\"wp-social-link wp-social-link-facebook wp-block-social-link\"><a href=\"https:\/\/www.facebook.com\/GrupoPromaica\" class=\"wp-block-social-link-anchor\"><svg width=\"24\" height=\"24\" viewBox=\"0 0 24 24\" version=\"1.1\" xmlns=\"http:\/\/www.w3.org\/2000\/svg\" aria-hidden=\"true\" focusable=\"false\"><path d=\"M12 2C6.5 2 2 6.5 2 12c0 5 3.7 9.1 8.4 9.9v-7H7.9V12h2.5V9.8c0-2.5 1.5-3.9 3.8-3.9 1.1 0 2.2.2 2.2.2v2.5h-1.3c-1.2 0-1.6.8-1.6 1.6V12h2.8l-.4 2.9h-2.3v7C18.3 21.1 22 17 22 12c0-5.5-4.5-10-10-10z\"><\/path><\/svg><span class=\"wp-block-social-link-label screen-reader-text\">Facebook<\/span><\/a><\/li>\n\n<li class=\"wp-social-link wp-social-link-instagram wp-block-social-link\"><a href=\"https:\/\/www.instagram.com\/promaica_sv\/\" class=\"wp-block-social-link-anchor\"><svg width=\"24\" height=\"24\" viewBox=\"0 0 24 24\" version=\"1.1\" xmlns=\"http:\/\/www.w3.org\/2000\/svg\" aria-hidden=\"true\" focusable=\"false\"><path d=\"M12,4.622c2.403,0,2.688,0.009,3.637,0.052c0.877,0.04,1.354,0.187,1.671,0.31c0.42,0.163,0.72,0.358,1.035,0.673 c0.315,0.315,0.51,0.615,0.673,1.035c0.123,0.317,0.27,0.794,0.31,1.671c0.043,0.949,0.052,1.234,0.052,3.637 s-0.009,2.688-0.052,3.637c-0.04,0.877-0.187,1.354-0.31,1.671c-0.163,0.42-0.358,0.72-0.673,1.035 c-0.315,0.315-0.615,0.51-1.035,0.673c-0.317,0.123-0.794,0.27-1.671,0.31c-0.949,0.043-1.233,0.052-3.637,0.052 s-2.688-0.009-3.637-0.052c-0.877-0.04-1.354-0.187-1.671-0.31c-0.42-0.163-0.72-0.358-1.035-0.673 c-0.315-0.315-0.51-0.615-0.673-1.035c-0.123-0.317-0.27-0.794-0.31-1.671C4.631,14.688,4.622,14.403,4.622,12 s0.009-2.688,0.052-3.637c0.04-0.877,0.187-1.354,0.31-1.671c0.163-0.42,0.358-0.72,0.673-1.035 c0.315-0.315,0.615-0.51,1.035-0.673c0.317-0.123,0.794-0.27,1.671-0.31C9.312,4.631,9.597,4.622,12,4.622 M12,3 C9.556,3,9.249,3.01,8.289,3.054C7.331,3.098,6.677,3.25,6.105,3.472C5.513,3.702,5.011,4.01,4.511,4.511 c-0.5,0.5-0.808,1.002-1.038,1.594C3.25,6.677,3.098,7.331,3.054,8.289C3.01,9.249,3,9.556,3,12c0,2.444,0.01,2.751,0.054,3.711 c0.044,0.958,0.196,1.612,0.418,2.185c0.23,0.592,0.538,1.094,1.038,1.594c0.5,0.5,1.002,0.808,1.594,1.038 c0.572,0.222,1.227,0.375,2.185,0.418C9.249,20.99,9.556,21,12,21s2.751-0.01,3.711-0.054c0.958-0.044,1.612-0.196,2.185-0.418 c0.592-0.23,1.094-0.538,1.594-1.038c0.5-0.5,0.808-1.002,1.038-1.594c0.222-0.572,0.375-1.227,0.418-2.185 C20.99,14.751,21,14.444,21,12s-0.01-2.751-0.054-3.711c-0.044-0.958-0.196-1.612-0.418-2.185c-0.23-0.592-0.538-1.094-1.038-1.594 c-0.5-0.5-1.002-0.808-1.594-1.038c-0.572-0.222-1.227-0.375-2.185-0.418C14.751,3.01,14.444,3,12,3L12,3z M12,7.378 c-2.552,0-4.622,2.069-4.622,4.622S9.448,16.622,12,16.622s4.622-2.069,4.622-4.622S14.552,7.378,12,7.378z M12,15 c-1.657,0-3-1.343-3-3s1.343-3,3-3s3,1.343,3,3S13.657,15,12,15z M16.804,6.116c-0.596,0-1.08,0.484-1.08,1.08 s0.484,1.08,1.08,1.08c0.596,0,1.08-0.484,1.08-1.08S17.401,6.116,16.804,6.116z\"><\/path><\/svg><span class=\"wp-block-social-link-label screen-reader-text\">Instagram<\/span><\/a><\/li>\n\n<li class=\"wp-social-link wp-social-link-youtube wp-block-social-link\"><a href=\"https:\/\/www.youtube.com\/@promaica\" class=\"wp-block-social-link-anchor\"><svg width=\"24\" height=\"24\" viewBox=\"0 0 24 24\" version=\"1.1\" xmlns=\"http:\/\/www.w3.org\/2000\/svg\" aria-hidden=\"true\" focusable=\"false\"><path d=\"M21.8,8.001c0,0-0.195-1.378-0.795-1.985c-0.76-0.797-1.613-0.801-2.004-0.847c-2.799-0.202-6.997-0.202-6.997-0.202 h-0.009c0,0-4.198,0-6.997,0.202C4.608,5.216,3.756,5.22,2.995,6.016C2.395,6.623,2.2,8.001,2.2,8.001S2,9.62,2,11.238v1.517 c0,1.618,0.2,3.237,0.2,3.237s0.195,1.378,0.795,1.985c0.761,0.797,1.76,0.771,2.205,0.855c1.6,0.153,6.8,0.201,6.8,0.201 s4.203-0.006,7.001-0.209c0.391-0.047,1.243-0.051,2.004-0.847c0.6-0.607,0.795-1.985,0.795-1.985s0.2-1.618,0.2-3.237v-1.517 C22,9.62,21.8,8.001,21.8,8.001z M9.935,14.594l-0.001-5.62l5.404,2.82L9.935,14.594z\"><\/path><\/svg><span class=\"wp-block-social-link-label screen-reader-text\">YouTube<\/span><\/a><\/li><\/ul>\n<\/div>\n<\/div>\n","protected":false},"excerpt":{"rendered":"<p>En El Salvador es com\u00fan escuchar frases como: \u00abYa comenz\u00f3 el invierno, ahora la casa deber\u00eda sentirse m\u00e1s fresca.\u00bb Sin embargo, muchas personas descubren que, incluso durante los d\u00edas lluviosos, el interior de su vivienda sigue acumulando calor y permanece inc\u00f3modo durante gran parte del d\u00eda. \u00bfPor qu\u00e9 ocurre esto? La respuesta est\u00e1 en c\u00f3mo [&hellip;]<\/p>\n","protected":false},"author":13,"featured_media":0,"comment_status":"open","ping_status":"closed","sticky":false,"template":"","format":"standard","meta":{"site-sidebar-layout":"default","site-content-layout":"","ast-site-content-layout":"default","site-content-style":"default","site-sidebar-style":"default","ast-global-header-display":"","ast-banner-title-visibility":"","ast-main-header-display":"","ast-hfb-above-header-display":"","ast-hfb-below-header-display":"","ast-hfb-mobile-header-display":"","site-post-title":"","ast-breadcrumbs-content":"","ast-featured-img":"","footer-sml-layout":"","ast-disable-related-posts":"","theme-transparent-header-meta":"","adv-header-id-meta":"","stick-header-meta":"","header-above-stick-meta":"","header-main-stick-meta":"","header-below-stick-meta":"","astra-migrate-meta-layouts":"set","ast-page-background-enabled":"default","ast-page-background-meta":{"desktop":{"background-color":"var(--ast-global-color-4)","background-image":"","background-repeat":"repeat","background-position":"center center","background-size":"auto","background-attachment":"scroll","background-type":"","background-media":"","overlay-type":"","overlay-color":"","overlay-opacity":"","overlay-gradient":""},"tablet":{"background-color":"","background-image":"","background-repeat":"repeat","background-position":"center center","background-size":"auto","background-attachment":"scroll","background-type":"","background-media":"","overlay-type":"","overlay-color":"","overlay-opacity":"","overlay-gradient":""},"mobile":{"background-color":"","background-image":"","background-repeat":"repeat","background-position":"center center","background-size":"auto","background-attachment":"scroll","background-type":"","background-media":"","overlay-type":"","overlay-color":"","overlay-opacity":"","overlay-gradient":""}},"ast-content-background-meta":{"desktop":{"background-color":"var(--ast-global-color-5)","background-image":"","background-repeat":"repeat","background-position":"center center","background-size":"auto","background-attachment":"scroll","background-type":"","background-media":"","overlay-type":"","overlay-color":"","overlay-opacity":"","overlay-gradient":""},"tablet":{"background-color":"var(--ast-global-color-5)","background-image":"","background-repeat":"repeat","background-position":"center center","background-size":"auto","background-attachment":"scroll","background-type":"","background-media":"","overlay-type":"","overlay-color":"","overlay-opacity":"","overlay-gradient":""},"mobile":{"background-color":"var(--ast-global-color-5)","background-image":"","background-repeat":"repeat","background-position":"center center","background-size":"auto","background-attachment":"scroll","background-type":"","background-media":"","overlay-type":"","overlay-color":"","overlay-opacity":"","overlay-gradient":""}},"footnotes":""},"categories":[339],"tags":[144,244,267,341,342,146,290,340,304,238],"class_list":["post-2152","post","type-post","status-publish","format-standard","hentry","category-aislamiento","tag-aislamientotermico-2","tag-aislhogar","tag-calorencasa","tag-conforttermico-2","tag-construccion-2","tag-eficienciaenergetica-2","tag-elsalvador","tag-foamula","tag-mbi-2","tag-promaica-2"],"yoast_head":"<!-- This site is optimized with the Yoast SEO plugin v28.3 - https:\/\/yoast.com\/product\/yoast-seo-wordpress\/ -->\n<title>\u00bfPor qu\u00e9 tu casa sigue caliente aunque est\u00e9 lloviendo?<\/title>\n<meta name=\"description\" content=\"En El Salvador es com\u00fan escuchar frases como: &quot;Ya comenz\u00f3 el invierno, ahora la casa deber\u00eda sentirse m\u00e1s fresca.\" \/>\n<meta name=\"robots\" content=\"index, follow, max-snippet:-1, max-image-preview:large, max-video-preview:-1\" \/>\n<link rel=\"canonical\" href=\"https:\/\/promaica.com\/blog\/por-que-tu-casa-sigue-caliente-aunque-este-lloviendo-el-aislamiento-termico-sigue-siendo-clave-en-el-salvador\/\" \/>\n<meta property=\"og:locale\" content=\"es_ES\" \/>\n<meta property=\"og:type\" content=\"article\" \/>\n<meta property=\"og:title\" content=\"\u00bfPor qu\u00e9 tu casa sigue caliente aunque est\u00e9 lloviendo?\" \/>\n<meta property=\"og:description\" content=\"En El Salvador es com\u00fan escuchar frases como: &quot;Ya comenz\u00f3 el invierno, ahora la casa deber\u00eda sentirse m\u00e1s fresca.\" \/>\n<meta property=\"og:url\" content=\"https:\/\/promaica.com\/blog\/por-que-tu-casa-sigue-caliente-aunque-este-lloviendo-el-aislamiento-termico-sigue-siendo-clave-en-el-salvador\/\" \/>\n<meta property=\"og:site_name\" content=\"Blog de Aislamiento y refrigeraci\u00f3n industrial\" \/>\n<meta property=\"article:published_time\" content=\"2026-07-11T20:00:00+00:00\" \/>\n<meta property=\"og:image\" content=\"https:\/\/promaica.com\/blog\/wp-content\/uploads\/2026\/04\/icons8-carrito-de-compras-90.png\" \/>\n\t<meta property=\"og:image:width\" content=\"90\" \/>\n\t<meta property=\"og:image:height\" content=\"90\" \/>\n\t<meta property=\"og:image:type\" content=\"image\/png\" \/>\n<meta name=\"author\" content=\"Morales\" \/>\n<meta name=\"twitter:card\" content=\"summary_large_image\" \/>\n<meta name=\"twitter:label1\" content=\"Escrito por\" \/>\n\t<meta name=\"twitter:data1\" content=\"Morales\" \/>\n\t<meta name=\"twitter:label2\" content=\"Tiempo de lectura\" \/>\n\t<meta name=\"twitter:data2\" content=\"6 minutos\" \/>\n<script type=\"application\/ld+json\" class=\"yoast-schema-graph\">{\"@context\":\"https:\\\/\\\/schema.org\",\"@graph\":[{\"@type\":\"Article\",\"@id\":\"https:\\\/\\\/promaica.com\\\/blog\\\/por-que-tu-casa-sigue-caliente-aunque-este-lloviendo-el-aislamiento-termico-sigue-siendo-clave-en-el-salvador\\\/#article\",\"isPartOf\":{\"@id\":\"https:\\\/\\\/promaica.com\\\/blog\\\/por-que-tu-casa-sigue-caliente-aunque-este-lloviendo-el-aislamiento-termico-sigue-siendo-clave-en-el-salvador\\\/\"},\"author\":{\"name\":\"Morales\",\"@id\":\"https:\\\/\\\/promaica.com\\\/blog\\\/#\\\/schema\\\/person\\\/cbe9040be67a3ea2962352f1594d2897\"},\"headline\":\"\u00bfPor qu\u00e9 tu casa sigue caliente aunque est\u00e9 lloviendo? El aislamiento t\u00e9rmico sigue siendo clave en El Salvador\u00a0\u00a0\",\"datePublished\":\"2026-07-11T20:00:00+00:00\",\"mainEntityOfPage\":{\"@id\":\"https:\\\/\\\/promaica.com\\\/blog\\\/por-que-tu-casa-sigue-caliente-aunque-este-lloviendo-el-aislamiento-termico-sigue-siendo-clave-en-el-salvador\\\/\"},\"wordCount\":1229,\"commentCount\":0,\"publisher\":{\"@id\":\"https:\\\/\\\/promaica.com\\\/blog\\\/#organization\"},\"image\":{\"@id\":\"https:\\\/\\\/promaica.com\\\/blog\\\/por-que-tu-casa-sigue-caliente-aunque-este-lloviendo-el-aislamiento-termico-sigue-siendo-clave-en-el-salvador\\\/#primaryimage\"},\"thumbnailUrl\":\"https:\\\/\\\/promaica.com\\\/blog\\\/wp-content\\\/uploads\\\/2026\\\/04\\\/icons8-carrito-de-compras-90.png\",\"keywords\":[\"#AislamientoT\u00e9rmico\",\"#Aislhogar\",\"#CalorEnCasa\",\"#ConfortT\u00e9rmico\",\"#Construcci\u00f3n\",\"#EficienciaEnerg\u00e9tica\",\"#ElSalvador\",\"#Foamula\",\"#MBI\",\"#Promaica\"],\"articleSection\":[\"Aislamiento\"],\"inLanguage\":\"es\",\"potentialAction\":[{\"@type\":\"CommentAction\",\"name\":\"Comment\",\"target\":[\"https:\\\/\\\/promaica.com\\\/blog\\\/por-que-tu-casa-sigue-caliente-aunque-este-lloviendo-el-aislamiento-termico-sigue-siendo-clave-en-el-salvador\\\/#respond\"]}]},{\"@type\":\"WebPage\",\"@id\":\"https:\\\/\\\/promaica.com\\\/blog\\\/por-que-tu-casa-sigue-caliente-aunque-este-lloviendo-el-aislamiento-termico-sigue-siendo-clave-en-el-salvador\\\/\",\"url\":\"https:\\\/\\\/promaica.com\\\/blog\\\/por-que-tu-casa-sigue-caliente-aunque-este-lloviendo-el-aislamiento-termico-sigue-siendo-clave-en-el-salvador\\\/\",\"name\":\"\u00bfPor qu\u00e9 tu casa sigue caliente aunque est\u00e9 lloviendo?\",\"isPartOf\":{\"@id\":\"https:\\\/\\\/promaica.com\\\/blog\\\/#website\"},\"primaryImageOfPage\":{\"@id\":\"https:\\\/\\\/promaica.com\\\/blog\\\/por-que-tu-casa-sigue-caliente-aunque-este-lloviendo-el-aislamiento-termico-sigue-siendo-clave-en-el-salvador\\\/#primaryimage\"},\"image\":{\"@id\":\"https:\\\/\\\/promaica.com\\\/blog\\\/por-que-tu-casa-sigue-caliente-aunque-este-lloviendo-el-aislamiento-termico-sigue-siendo-clave-en-el-salvador\\\/#primaryimage\"},\"thumbnailUrl\":\"https:\\\/\\\/promaica.com\\\/blog\\\/wp-content\\\/uploads\\\/2026\\\/04\\\/icons8-carrito-de-compras-90.png\",\"datePublished\":\"2026-07-11T20:00:00+00:00\",\"description\":\"En El Salvador es com\u00fan escuchar frases como: \\\"Ya comenz\u00f3 el invierno, ahora la casa deber\u00eda sentirse m\u00e1s fresca.\",\"breadcrumb\":{\"@id\":\"https:\\\/\\\/promaica.com\\\/blog\\\/por-que-tu-casa-sigue-caliente-aunque-este-lloviendo-el-aislamiento-termico-sigue-siendo-clave-en-el-salvador\\\/#breadcrumb\"},\"inLanguage\":\"es\",\"potentialAction\":[{\"@type\":\"ReadAction\",\"target\":[\"https:\\\/\\\/promaica.com\\\/blog\\\/por-que-tu-casa-sigue-caliente-aunque-este-lloviendo-el-aislamiento-termico-sigue-siendo-clave-en-el-salvador\\\/\"]}]},{\"@type\":\"ImageObject\",\"inLanguage\":\"es\",\"@id\":\"https:\\\/\\\/promaica.com\\\/blog\\\/por-que-tu-casa-sigue-caliente-aunque-este-lloviendo-el-aislamiento-termico-sigue-siendo-clave-en-el-salvador\\\/#primaryimage\",\"url\":\"https:\\\/\\\/promaica.com\\\/blog\\\/wp-content\\\/uploads\\\/2026\\\/04\\\/icons8-carrito-de-compras-90.png\",\"contentUrl\":\"https:\\\/\\\/promaica.com\\\/blog\\\/wp-content\\\/uploads\\\/2026\\\/04\\\/icons8-carrito-de-compras-90.png\",\"width\":90,\"height\":90},{\"@type\":\"BreadcrumbList\",\"@id\":\"https:\\\/\\\/promaica.com\\\/blog\\\/por-que-tu-casa-sigue-caliente-aunque-este-lloviendo-el-aislamiento-termico-sigue-siendo-clave-en-el-salvador\\\/#breadcrumb\",\"itemListElement\":[{\"@type\":\"ListItem\",\"position\":1,\"name\":\"Portada\",\"item\":\"https:\\\/\\\/promaica.com\\\/blog\\\/\"},{\"@type\":\"ListItem\",\"position\":2,\"name\":\"\u00bfPor qu\u00e9 tu casa sigue caliente aunque est\u00e9 lloviendo? El aislamiento t\u00e9rmico sigue siendo clave en El Salvador\u00a0\u00a0\"}]},{\"@type\":\"WebSite\",\"@id\":\"https:\\\/\\\/promaica.com\\\/blog\\\/#website\",\"url\":\"https:\\\/\\\/promaica.com\\\/blog\\\/\",\"name\":\"Blog de Aislamiento y refrigeraci\u00f3n industrial\",\"description\":\"PROMAICA\",\"publisher\":{\"@id\":\"https:\\\/\\\/promaica.com\\\/blog\\\/#organization\"},\"potentialAction\":[{\"@type\":\"SearchAction\",\"target\":{\"@type\":\"EntryPoint\",\"urlTemplate\":\"https:\\\/\\\/promaica.com\\\/blog\\\/?s={search_term_string}\"},\"query-input\":{\"@type\":\"PropertyValueSpecification\",\"valueRequired\":true,\"valueName\":\"search_term_string\"}}],\"inLanguage\":\"es\"},{\"@type\":\"Organization\",\"@id\":\"https:\\\/\\\/promaica.com\\\/blog\\\/#organization\",\"name\":\"Blog de Aislamiento y refrigeraci\u00f3n industrial\",\"url\":\"https:\\\/\\\/promaica.com\\\/blog\\\/\",\"logo\":{\"@type\":\"ImageObject\",\"inLanguage\":\"es\",\"@id\":\"https:\\\/\\\/promaica.com\\\/blog\\\/#\\\/schema\\\/logo\\\/image\\\/\",\"url\":\"https:\\\/\\\/promaica.com\\\/blog\\\/wp-content\\\/uploads\\\/2021\\\/11\\\/logo-promaica-blanco.png\",\"contentUrl\":\"https:\\\/\\\/promaica.com\\\/blog\\\/wp-content\\\/uploads\\\/2021\\\/11\\\/logo-promaica-blanco.png\",\"width\":138,\"height\":40,\"caption\":\"Blog de Aislamiento y refrigeraci\u00f3n industrial\"},\"image\":{\"@id\":\"https:\\\/\\\/promaica.com\\\/blog\\\/#\\\/schema\\\/logo\\\/image\\\/\"}},{\"@type\":\"Person\",\"@id\":\"https:\\\/\\\/promaica.com\\\/blog\\\/#\\\/schema\\\/person\\\/cbe9040be67a3ea2962352f1594d2897\",\"name\":\"Morales\",\"image\":{\"@type\":\"ImageObject\",\"inLanguage\":\"es\",\"@id\":\"https:\\\/\\\/secure.gravatar.com\\\/avatar\\\/cbff1af3650cf901924b80ea245a89fc4347f631779f12c56a34dd2effbc98e4?s=96&d=mm&r=g\",\"url\":\"https:\\\/\\\/secure.gravatar.com\\\/avatar\\\/cbff1af3650cf901924b80ea245a89fc4347f631779f12c56a34dd2effbc98e4?s=96&d=mm&r=g\",\"contentUrl\":\"https:\\\/\\\/secure.gravatar.com\\\/avatar\\\/cbff1af3650cf901924b80ea245a89fc4347f631779f12c56a34dd2effbc98e4?s=96&d=mm&r=g\",\"caption\":\"Morales\"},\"url\":\"https:\\\/\\\/promaica.com\\\/blog\\\/author\\\/gabrielamorales\\\/\"}]}<\/script>\n<!-- \/ Yoast SEO plugin. -->","yoast_head_json":{"title":"\u00bfPor qu\u00e9 tu casa sigue caliente aunque est\u00e9 lloviendo?","description":"En El Salvador es com\u00fan escuchar frases como: \"Ya comenz\u00f3 el invierno, ahora la casa deber\u00eda sentirse m\u00e1s fresca.","robots":{"index":"index","follow":"follow","max-snippet":"max-snippet:-1","max-image-preview":"max-image-preview:large","max-video-preview":"max-video-preview:-1"},"canonical":"https:\/\/promaica.com\/blog\/por-que-tu-casa-sigue-caliente-aunque-este-lloviendo-el-aislamiento-termico-sigue-siendo-clave-en-el-salvador\/","og_locale":"es_ES","og_type":"article","og_title":"\u00bfPor qu\u00e9 tu casa sigue caliente aunque est\u00e9 lloviendo?","og_description":"En El Salvador es com\u00fan escuchar frases como: \"Ya comenz\u00f3 el invierno, ahora la casa deber\u00eda sentirse m\u00e1s fresca.","og_url":"https:\/\/promaica.com\/blog\/por-que-tu-casa-sigue-caliente-aunque-este-lloviendo-el-aislamiento-termico-sigue-siendo-clave-en-el-salvador\/","og_site_name":"Blog de Aislamiento y refrigeraci\u00f3n industrial","article_published_time":"2026-07-11T20:00:00+00:00","og_image":[{"width":90,"height":90,"url":"https:\/\/promaica.com\/blog\/wp-content\/uploads\/2026\/04\/icons8-carrito-de-compras-90.png","type":"image\/png"}],"author":"Morales","twitter_card":"summary_large_image","twitter_misc":{"Escrito por":"Morales","Tiempo de lectura":"6 minutos"},"schema":{"@context":"https:\/\/schema.org","@graph":[{"@type":"Article","@id":"https:\/\/promaica.com\/blog\/por-que-tu-casa-sigue-caliente-aunque-este-lloviendo-el-aislamiento-termico-sigue-siendo-clave-en-el-salvador\/#article","isPartOf":{"@id":"https:\/\/promaica.com\/blog\/por-que-tu-casa-sigue-caliente-aunque-este-lloviendo-el-aislamiento-termico-sigue-siendo-clave-en-el-salvador\/"},"author":{"name":"Morales","@id":"https:\/\/promaica.com\/blog\/#\/schema\/person\/cbe9040be67a3ea2962352f1594d2897"},"headline":"\u00bfPor qu\u00e9 tu casa sigue caliente aunque est\u00e9 lloviendo? El aislamiento t\u00e9rmico sigue siendo clave en El Salvador\u00a0\u00a0","datePublished":"2026-07-11T20:00:00+00:00","mainEntityOfPage":{"@id":"https:\/\/promaica.com\/blog\/por-que-tu-casa-sigue-caliente-aunque-este-lloviendo-el-aislamiento-termico-sigue-siendo-clave-en-el-salvador\/"},"wordCount":1229,"commentCount":0,"publisher":{"@id":"https:\/\/promaica.com\/blog\/#organization"},"image":{"@id":"https:\/\/promaica.com\/blog\/por-que-tu-casa-sigue-caliente-aunque-este-lloviendo-el-aislamiento-termico-sigue-siendo-clave-en-el-salvador\/#primaryimage"},"thumbnailUrl":"https:\/\/promaica.com\/blog\/wp-content\/uploads\/2026\/04\/icons8-carrito-de-compras-90.png","keywords":["#AislamientoT\u00e9rmico","#Aislhogar","#CalorEnCasa","#ConfortT\u00e9rmico","#Construcci\u00f3n","#EficienciaEnerg\u00e9tica","#ElSalvador","#Foamula","#MBI","#Promaica"],"articleSection":["Aislamiento"],"inLanguage":"es","potentialAction":[{"@type":"CommentAction","name":"Comment","target":["https:\/\/promaica.com\/blog\/por-que-tu-casa-sigue-caliente-aunque-este-lloviendo-el-aislamiento-termico-sigue-siendo-clave-en-el-salvador\/#respond"]}]},{"@type":"WebPage","@id":"https:\/\/promaica.com\/blog\/por-que-tu-casa-sigue-caliente-aunque-este-lloviendo-el-aislamiento-termico-sigue-siendo-clave-en-el-salvador\/","url":"https:\/\/promaica.com\/blog\/por-que-tu-casa-sigue-caliente-aunque-este-lloviendo-el-aislamiento-termico-sigue-siendo-clave-en-el-salvador\/","name":"\u00bfPor qu\u00e9 tu casa sigue caliente aunque est\u00e9 lloviendo?","isPartOf":{"@id":"https:\/\/promaica.com\/blog\/#website"},"primaryImageOfPage":{"@id":"https:\/\/promaica.com\/blog\/por-que-tu-casa-sigue-caliente-aunque-este-lloviendo-el-aislamiento-termico-sigue-siendo-clave-en-el-salvador\/#primaryimage"},"image":{"@id":"https:\/\/promaica.com\/blog\/por-que-tu-casa-sigue-caliente-aunque-este-lloviendo-el-aislamiento-termico-sigue-siendo-clave-en-el-salvador\/#primaryimage"},"thumbnailUrl":"https:\/\/promaica.com\/blog\/wp-content\/uploads\/2026\/04\/icons8-carrito-de-compras-90.png","datePublished":"2026-07-11T20:00:00+00:00","description":"En El Salvador es com\u00fan escuchar frases como: \"Ya comenz\u00f3 el invierno, ahora la casa deber\u00eda sentirse m\u00e1s fresca.","breadcrumb":{"@id":"https:\/\/promaica.com\/blog\/por-que-tu-casa-sigue-caliente-aunque-este-lloviendo-el-aislamiento-termico-sigue-siendo-clave-en-el-salvador\/#breadcrumb"},"inLanguage":"es","potentialAction":[{"@type":"ReadAction","target":["https:\/\/promaica.com\/blog\/por-que-tu-casa-sigue-caliente-aunque-este-lloviendo-el-aislamiento-termico-sigue-siendo-clave-en-el-salvador\/"]}]},{"@type":"ImageObject","inLanguage":"es","@id":"https:\/\/promaica.com\/blog\/por-que-tu-casa-sigue-caliente-aunque-este-lloviendo-el-aislamiento-termico-sigue-siendo-clave-en-el-salvador\/#primaryimage","url":"https:\/\/promaica.com\/blog\/wp-content\/uploads\/2026\/04\/icons8-carrito-de-compras-90.png","contentUrl":"https:\/\/promaica.com\/blog\/wp-content\/uploads\/2026\/04\/icons8-carrito-de-compras-90.png","width":90,"height":90},{"@type":"BreadcrumbList","@id":"https:\/\/promaica.com\/blog\/por-que-tu-casa-sigue-caliente-aunque-este-lloviendo-el-aislamiento-termico-sigue-siendo-clave-en-el-salvador\/#breadcrumb","itemListElement":[{"@type":"ListItem","position":1,"name":"Portada","item":"https:\/\/promaica.com\/blog\/"},{"@type":"ListItem","position":2,"name":"\u00bfPor qu\u00e9 tu casa sigue caliente aunque est\u00e9 lloviendo? El aislamiento t\u00e9rmico sigue siendo clave en El Salvador\u00a0\u00a0"}]},{"@type":"WebSite","@id":"https:\/\/promaica.com\/blog\/#website","url":"https:\/\/promaica.com\/blog\/","name":"Blog de Aislamiento y refrigeraci\u00f3n industrial","description":"PROMAICA","publisher":{"@id":"https:\/\/promaica.com\/blog\/#organization"},"potentialAction":[{"@type":"SearchAction","target":{"@type":"EntryPoint","urlTemplate":"https:\/\/promaica.com\/blog\/?s={search_term_string}"},"query-input":{"@type":"PropertyValueSpecification","valueRequired":true,"valueName":"search_term_string"}}],"inLanguage":"es"},{"@type":"Organization","@id":"https:\/\/promaica.com\/blog\/#organization","name":"Blog de Aislamiento y refrigeraci\u00f3n industrial","url":"https:\/\/promaica.com\/blog\/","logo":{"@type":"ImageObject","inLanguage":"es","@id":"https:\/\/promaica.com\/blog\/#\/schema\/logo\/image\/","url":"https:\/\/promaica.com\/blog\/wp-content\/uploads\/2021\/11\/logo-promaica-blanco.png","contentUrl":"https:\/\/promaica.com\/blog\/wp-content\/uploads\/2021\/11\/logo-promaica-blanco.png","width":138,"height":40,"caption":"Blog de Aislamiento y refrigeraci\u00f3n industrial"},"image":{"@id":"https:\/\/promaica.com\/blog\/#\/schema\/logo\/image\/"}},{"@type":"Person","@id":"https:\/\/promaica.com\/blog\/#\/schema\/person\/cbe9040be67a3ea2962352f1594d2897","name":"Morales","image":{"@type":"ImageObject","inLanguage":"es","@id":"https:\/\/secure.gravatar.com\/avatar\/cbff1af3650cf901924b80ea245a89fc4347f631779f12c56a34dd2effbc98e4?s=96&d=mm&r=g","url":"https:\/\/secure.gravatar.com\/avatar\/cbff1af3650cf901924b80ea245a89fc4347f631779f12c56a34dd2effbc98e4?s=96&d=mm&r=g","contentUrl":"https:\/\/secure.gravatar.com\/avatar\/cbff1af3650cf901924b80ea245a89fc4347f631779f12c56a34dd2effbc98e4?s=96&d=mm&r=g","caption":"Morales"},"url":"https:\/\/promaica.com\/blog\/author\/gabrielamorales\/"}]}},"_links":{"self":[{"href":"https:\/\/promaica.com\/blog\/wp-json\/wp\/v2\/posts\/2152","targetHints":{"allow":["GET"]}}],"collection":[{"href":"https:\/\/promaica.com\/blog\/wp-json\/wp\/v2\/posts"}],"about":[{"href":"https:\/\/promaica.com\/blog\/wp-json\/wp\/v2\/types\/post"}],"author":[{"embeddable":true,"href":"https:\/\/promaica.com\/blog\/wp-json\/wp\/v2\/users\/13"}],"replies":[{"embeddable":true,"href":"https:\/\/promaica.com\/blog\/wp-json\/wp\/v2\/comments?post=2152"}],"version-history":[{"count":1,"href":"https:\/\/promaica.com\/blog\/wp-json\/wp\/v2\/posts\/2152\/revisions"}],"predecessor-version":[{"id":2153,"href":"https:\/\/promaica.com\/blog\/wp-json\/wp\/v2\/posts\/2152\/revisions\/2153"}],"wp:attachment":[{"href":"https:\/\/promaica.com\/blog\/wp-json\/wp\/v2\/media?parent=2152"}],"wp:term":[{"taxonomy":"category","embeddable":true,"href":"https:\/\/promaica.com\/blog\/wp-json\/wp\/v2\/categories?post=2152"},{"taxonomy":"post_tag","embeddable":true,"href":"https:\/\/promaica.com\/blog\/wp-json\/wp\/v2\/tags?post=2152"}],"curies":[{"name":"wp","href":"https:\/\/api.w.org\/{rel}","templated":true}]}}