{"id":1978,"date":"2026-05-01T16:30:00","date_gmt":"2026-05-01T22:30:00","guid":{"rendered":"https:\/\/promaica.com\/blog\/?p=1978"},"modified":"2026-04-30T14:24:16","modified_gmt":"2026-04-30T20:24:16","slug":"vale-la-pena-invertir-en-aislamiento-termico-en-el-salvador-beneficios-reales-a-largo-plazo","status":"publish","type":"post","link":"https:\/\/promaica.com\/blog\/vale-la-pena-invertir-en-aislamiento-termico-en-el-salvador-beneficios-reales-a-largo-plazo\/","title":{"rendered":"\u00bfVale la pena invertir en aislamiento t\u00e9rmico en El Salvador? (beneficios reales a largo plazo)\u00a0\u00a0"},"content":{"rendered":"\n<p class=\"has-ast-global-color-8-color has-text-color has-link-color has-medium-font-size wp-elements-f72cb6b48c78dfabf0442eb7bd2419c9\">En El Salvador, donde el calor es constante durante gran parte del a\u00f1o, muchas personas consideran instalar aislamiento t\u00e9rmico\u2026 <\/p>\n\n\n\n<p class=\"has-text-align-center has-ast-global-color-8-color has-text-color has-link-color has-medium-font-size wp-elements-11367f512cbaf4007408e0bcdf699390\">pero se detienen por una duda muy com\u00fan:<\/p>\n\n\n\n<div style=\"height:20px\" aria-hidden=\"true\" class=\"wp-block-spacer\"><\/div>\n\n\n\n<p class=\"has-text-align-left has-ast-global-color-8-color has-text-color has-link-color has-medium-font-size wp-elements-15f8e303529bdd6e12e36776d8ec5410\"><strong>\ud83d\udc49 \u00bfrealmente vale la pena la inversi\u00f3n?<\/strong><\/p>\n\n\n\n<div style=\"height:10px\" aria-hidden=\"true\" class=\"wp-block-spacer\"><\/div>\n\n\n\n<p class=\"has-ast-global-color-8-color has-text-color has-link-color has-medium-font-size wp-elements-c00392dee561bd7344c8fceedf813cc6\">La respuesta corta es: s\u00ed. <\/p>\n\n\n\n<p class=\"has-ast-global-color-8-color has-text-color has-link-color has-medium-font-size wp-elements-850ca17cfabd6d8987404c94c2cf721d\">Pero en este blog te explicamos por qu\u00e9 s\u00ed vale la pena, con beneficios reales que impactan directamente en tu casa o negocio.<\/p>\n\n\n\n<div style=\"height:10px\" aria-hidden=\"true\" class=\"wp-block-spacer\"><\/div>\n\n\n\n<h4 class=\"wp-block-heading has-text-align-center has-ast-global-color-8-color has-text-color has-link-color wp-elements-e28a483274b4a52b3f79044e26fdd84c\"><strong>\u00bfQu\u00e9 hace realmente el aislamiento t\u00e9rmico?<\/strong><\/h4>\n\n\n\n<div style=\"height:20px\" aria-hidden=\"true\" class=\"wp-block-spacer\"><\/div>\n\n\n\n<p class=\"has-text-align-center has-ast-global-color-8-color has-text-color has-link-color has-medium-font-size wp-elements-3a570b2d724e529797898537708a89bd\">El aislamiento t\u00e9rmico reduce la cantidad de calor que entra a un espacio.<\/p>\n\n\n\n<p class=\"has-text-align-center has-ast-global-color-8-color has-text-color has-link-color has-medium-font-size wp-elements-4f4d2c12f753053b6e268d1f4c7fbd99\"> Esto significa:<\/p>\n\n\n\n<div style=\"height:10px\" aria-hidden=\"true\" class=\"wp-block-spacer\"><\/div>\n\n\n\n<ul class=\"wp-block-list\">\n<li class=\"has-ast-global-color-8-color has-text-color has-link-color has-medium-font-size wp-elements-82e0a0ea9d1b7274f6516b520a91d51d\">Menos calor durante el d\u00eda<\/li>\n\n\n\n<li class=\"has-ast-global-color-8-color has-text-color has-link-color has-medium-font-size wp-elements-779c9cf9c3df84ec5875ab7ee4b66c84\">Ambientes m\u00e1s frescos<\/li>\n\n\n\n<li class=\"has-ast-global-color-8-color has-text-color has-link-color has-medium-font-size wp-elements-61a75a2f3d5ca4677c7cb5c9f2dc5934\">Temperaturas m\u00e1s estables<\/li>\n<\/ul>\n\n\n\n<p class=\"has-ast-global-color-8-color has-text-color has-link-color has-medium-font-size wp-elements-d95890f5da7499fa267c1259edc3a90c\">No elimina el calor por completo, pero s\u00ed reduce significativamente su impacto.<\/p>\n\n\n\n<div style=\"height:10px\" aria-hidden=\"true\" class=\"wp-block-spacer\"><\/div>\n\n\n\n<h4 class=\"wp-block-heading has-text-align-center has-ast-global-color-8-color has-text-color has-link-color wp-elements-77f3b2380eaefd3a86d7a78d098ffe91\"><strong>Beneficio #1: Ahorro en energ\u00eda el\u00e9ctrica<\/strong><\/h4>\n\n\n\n<div style=\"height:20px\" aria-hidden=\"true\" class=\"wp-block-spacer\"><\/div>\n\n\n\n<p class=\"has-ast-global-color-8-color has-text-color has-link-color has-medium-font-size wp-elements-9f403415255187cf7002cf15fee62270\">Uno de los impactos m\u00e1s claros es el consumo de energ\u00eda.<\/p>\n\n\n\n<p class=\"has-text-align-center has-ast-global-color-8-color has-text-color has-link-color has-medium-font-size wp-elements-4a0a9e7750ae848a27fa7e0a09747dd1\"><strong>Sin aislamiento:<\/strong><\/p>\n\n\n\n<div style=\"height:10px\" aria-hidden=\"true\" class=\"wp-block-spacer\"><\/div>\n\n\n\n<ul class=\"wp-block-list\">\n<li class=\"has-ast-global-color-8-color has-text-color has-link-color has-medium-font-size wp-elements-8bbd3b9f8fa28539ccf116556909791d\">El calor entra constantemente<\/li>\n\n\n\n<li class=\"has-ast-global-color-8-color has-text-color has-link-color has-medium-font-size wp-elements-1ce4e01d258f763b3f50ad13c6f653fd\">El aire acondicionado trabaja m\u00e1s<\/li>\n\n\n\n<li class=\"has-ast-global-color-8-color has-text-color has-link-color has-medium-font-size wp-elements-838890f794a1451e92d44b69359fac48\">El consumo el\u00e9ctrico aumenta<\/li>\n<\/ul>\n\n\n\n<p class=\"has-text-align-center has-ast-global-color-8-color has-text-color has-link-color has-medium-font-size wp-elements-3a276c1b1f9628e14d4eca4a45e97a6b\"><strong>Con aislamiento:<\/strong><\/p>\n\n\n\n<div style=\"height:10px\" aria-hidden=\"true\" class=\"wp-block-spacer\"><\/div>\n\n\n\n<ul class=\"wp-block-list\">\n<li class=\"has-ast-global-color-8-color has-text-color has-link-color has-medium-font-size wp-elements-b02e07b628d84d151b384dc4aba647c7\">Se reduce la entrada de calor<\/li>\n\n\n\n<li class=\"has-ast-global-color-8-color has-text-color has-link-color has-medium-font-size wp-elements-c3ddd9855faf663793c413caefd497a4\">El sistema de enfriamiento trabaja menos<\/li>\n\n\n\n<li class=\"has-ast-global-color-8-color has-text-color has-link-color has-medium-font-size wp-elements-649c648cc58e339cf5719c5d56694ccb\">Se optimiza el consumo<\/li>\n<\/ul>\n\n\n\n<p class=\"has-ast-global-color-8-color has-text-color has-link-color has-medium-font-size wp-elements-557daadd1bc2da8500ebdde2f9adffc0\">\ud83d\udc49 Esto se traduce en ahorro a mediano y largo plazo.<\/p>\n\n\n\n<div style=\"height:10px\" aria-hidden=\"true\" class=\"wp-block-spacer\"><\/div>\n\n\n\n<h4 class=\"wp-block-heading has-text-align-center has-ast-global-color-8-color has-text-color has-link-color wp-elements-902f141397798c4ef9b02fd2029a3ca3\"><strong>Beneficio #2: Mayor confort en el espacio<\/strong><\/h4>\n\n\n\n<div style=\"height:20px\" aria-hidden=\"true\" class=\"wp-block-spacer\"><\/div>\n\n\n\n<p class=\"has-text-align-center has-ast-global-color-8-color has-text-color has-link-color has-medium-font-size wp-elements-80ff555468d59f68ea6874f99bcb3c91\">Un ambiente con menor temperatura:<\/p>\n\n\n\n<div style=\"height:10px\" aria-hidden=\"true\" class=\"wp-block-spacer\"><\/div>\n\n\n\n<ul class=\"wp-block-list\">\n<li class=\"has-ast-global-color-8-color has-text-color has-link-color has-medium-font-size wp-elements-1198024f804b5ffe96e41d744f29e170\">Es m\u00e1s c\u00f3modo<\/li>\n\n\n\n<li class=\"has-ast-global-color-8-color has-text-color has-link-color has-medium-font-size wp-elements-8af2f8b0366afd451d546d392d752ec8\">Mejora la experiencia<\/li>\n\n\n\n<li class=\"has-ast-global-color-8-color has-text-color has-link-color has-medium-font-size wp-elements-145d9225a5ec5004e4f58307d27fb6b5\">Reduce la sensaci\u00f3n de encierro y calor<\/li>\n<\/ul>\n\n\n\n<p class=\"has-ast-global-color-8-color has-text-color has-link-color has-medium-font-size wp-elements-201f74f0c9672daf0b3e694b8af73f4e\">Esto aplica tanto para viviendas como para negocios.<\/p>\n\n\n\n<div style=\"height:10px\" aria-hidden=\"true\" class=\"wp-block-spacer\"><\/div>\n\n\n\n<h4 class=\"wp-block-heading has-text-align-center has-ast-global-color-8-color has-text-color has-link-color wp-elements-eb186a2cc7c55b5cdb9dc7826ad18cfa\"><strong>Beneficio #3: Protecci\u00f3n de la construcci\u00f3n<\/strong><\/h4>\n\n\n\n<div style=\"height:20px\" aria-hidden=\"true\" class=\"wp-block-spacer\"><\/div>\n\n\n\n<p class=\"has-text-align-center has-ast-global-color-8-color has-text-color has-link-color has-medium-font-size wp-elements-40e39bb047df9082804eaaf9ef90b591\">El calor constante tambi\u00e9n afecta los materiales. <\/p>\n\n\n\n<p class=\"has-text-align-center has-ast-global-color-8-color has-text-color has-link-color has-medium-font-size wp-elements-20cf6273a6ca553a4402982b0e90b884\">Con el tiempo puede generar:<\/p>\n\n\n\n<div style=\"height:10px\" aria-hidden=\"true\" class=\"wp-block-spacer\"><\/div>\n\n\n\n<ul class=\"wp-block-list\">\n<li class=\"has-ast-global-color-8-color has-text-color has-link-color has-medium-font-size wp-elements-87fb88a1f2bd14a4f2cbcd4226892777\">Deterioro<\/li>\n\n\n\n<li class=\"has-ast-global-color-8-color has-text-color has-link-color has-medium-font-size wp-elements-1f876a14fd3411cf884df8c701df21f6\">Expansi\u00f3n de materiales<\/li>\n\n\n\n<li class=\"has-ast-global-color-8-color has-text-color has-link-color has-medium-font-size wp-elements-47eb07de4b2684ef6bc63ee76a4622a6\">Desgaste prematuro<\/li>\n<\/ul>\n\n\n\n<p class=\"has-ast-global-color-8-color has-text-color has-link-color has-medium-font-size wp-elements-214113bc9026cb8050a17dcd78663386\">El aislamiento ayuda a mantener condiciones m\u00e1s estables.<\/p>\n\n\n\n<div style=\"height:10px\" aria-hidden=\"true\" class=\"wp-block-spacer\"><\/div>\n\n\n\n<h4 class=\"wp-block-heading has-text-align-center has-ast-global-color-8-color has-text-color has-link-color wp-elements-04917be82d141f0fdc1dac2d023e11a5\"><strong>Beneficio #4: Mayor eficiencia en el dise\u00f1o<\/strong><\/h4>\n\n\n\n<div style=\"height:20px\" aria-hidden=\"true\" class=\"wp-block-spacer\"><\/div>\n\n\n\n<p class=\"has-text-align-center has-ast-global-color-8-color has-text-color has-link-color has-medium-font-size wp-elements-1175360e4901653d0464c16f1505f15f\">Un espacio con aislamiento t\u00e9rmico:<\/p>\n\n\n\n<div style=\"height:10px\" aria-hidden=\"true\" class=\"wp-block-spacer\"><\/div>\n\n\n\n<ul class=\"wp-block-list\">\n<li class=\"has-ast-global-color-8-color has-text-color has-link-color has-medium-font-size wp-elements-34b983566e83b9c6b24625d7fd2d0465\">Funciona mejor desde la base<\/li>\n\n\n\n<li class=\"has-ast-global-color-8-color has-text-color has-link-color has-medium-font-size wp-elements-550019e0acf7e6f72f06867c2b7dbf83\">No depende solo de equipos<\/li>\n\n\n\n<li class=\"has-ast-global-color-8-color has-text-color has-link-color has-medium-font-size wp-elements-89a01f91c79f7b3cc0fbc9bbf10f2548\">Mantiene su rendimiento en el tiempo<\/li>\n<\/ul>\n\n\n\n<p class=\"has-ast-global-color-8-color has-text-color has-link-color has-medium-font-size wp-elements-8673a865090b36252cea9c001f4ab439\">\ud83d\udc49 Es una soluci\u00f3n estructural, no temporal.<\/p>\n\n\n\n<div style=\"height:10px\" aria-hidden=\"true\" class=\"wp-block-spacer\"><\/div>\n\n\n\n<h4 class=\"wp-block-heading has-text-align-center has-ast-global-color-8-color has-text-color has-link-color wp-elements-7ab33f5e5022b006e800356a358afd5e\"><strong>Error com\u00fan: verlo como gasto y no como inversi\u00f3n<\/strong><\/h4>\n\n\n\n<div style=\"height:20px\" aria-hidden=\"true\" class=\"wp-block-spacer\"><\/div>\n\n\n\n<p class=\"has-text-align-center has-ast-global-color-8-color has-text-color has-link-color has-medium-font-size wp-elements-8450c1f052ad17847598486d6549817b\">Muchas personas ven el aislamiento como un costo adicional. Pero en realidad:<\/p>\n\n\n\n<div style=\"height:10px\" aria-hidden=\"true\" class=\"wp-block-spacer\"><\/div>\n\n\n\n<ul class=\"wp-block-list\">\n<li class=\"has-ast-global-color-8-color has-text-color has-link-color has-medium-font-size wp-elements-04bbb426cfda41c0297ba6ff0f6a7bc5\">Reduce gastos futuros<\/li>\n\n\n\n<li class=\"has-ast-global-color-8-color has-text-color has-link-color has-medium-font-size wp-elements-ae6483026f73ecee445a5d6696638809\">Mejora el rendimiento del espacio<\/li>\n\n\n\n<li class=\"has-ast-global-color-8-color has-text-color has-link-color has-medium-font-size wp-elements-0e25330b01aa89176e5b5140303387ff\">Aumenta el valor de la propiedad<\/li>\n<\/ul>\n\n\n\n<p class=\"has-ast-global-color-8-color has-text-color has-link-color has-medium-font-size wp-elements-cadfb2baf6bf6f0e9d9c6c1650e6b58f\">\ud83d\udc49 No es un lujo, es una decisi\u00f3n inteligente.<\/p>\n\n\n\n<div style=\"height:10px\" aria-hidden=\"true\" class=\"wp-block-spacer\"><\/div>\n\n\n\n<h4 class=\"wp-block-heading has-text-align-center has-ast-global-color-8-color has-text-color has-link-color wp-elements-9a1f8d0a870382180633f9a00f53fa21\"><strong>\u00bfEn qu\u00e9 casos vale m\u00e1s la pena?<\/strong><\/h4>\n\n\n\n<div style=\"height:20px\" aria-hidden=\"true\" class=\"wp-block-spacer\"><\/div>\n\n\n\n<p class=\"has-text-align-center has-ast-global-color-8-color has-text-color has-link-color has-medium-font-size wp-elements-f84b00101ebba7478248785a14589518\">El aislamiento es especialmente \u00fatil en:<\/p>\n\n\n\n<div style=\"height:10px\" aria-hidden=\"true\" class=\"wp-block-spacer\"><\/div>\n\n\n\n<ul class=\"wp-block-list\">\n<li class=\"has-ast-global-color-8-color has-text-color has-link-color has-medium-font-size wp-elements-8c9a8f1362f052f13900c0e163b8aad7\">Viviendas<\/li>\n\n\n\n<li class=\"has-ast-global-color-8-color has-text-color has-link-color has-medium-font-size wp-elements-34aaf1335bbd30962e0ac1ced40794d6\">Restaurantes<\/li>\n\n\n\n<li class=\"has-ast-global-color-8-color has-text-color has-link-color has-medium-font-size wp-elements-6cdfe1351acd953d4b5038f04765f14c\">Bodegas<\/li>\n\n\n\n<li class=\"has-ast-global-color-8-color has-text-color has-link-color has-medium-font-size wp-elements-09f5016e5da48b0bdbec22fe19af9c03\">Oficinas<\/li>\n\n\n\n<li class=\"has-ast-global-color-8-color has-text-color has-link-color has-medium-font-size wp-elements-d38b50c46f4092ef6b1ee10dc68ade14\">Negocios en general<\/li>\n<\/ul>\n\n\n\n<p class=\"has-text-align-center has-ast-global-color-8-color has-text-color has-link-color has-medium-font-size wp-elements-e7c91babdc39c3c521be2c873e32dec4\">Especialmente en construcciones con:<\/p>\n\n\n\n<div style=\"height:10px\" aria-hidden=\"true\" class=\"wp-block-spacer\"><\/div>\n\n\n\n<ul class=\"wp-block-list\">\n<li class=\"has-ast-global-color-8-color has-text-color has-link-color has-medium-font-size wp-elements-e45f3362245e8c2ab17690bc6b503635\">Techos de l\u00e1mina<\/li>\n\n\n\n<li class=\"has-ast-global-color-8-color has-text-color has-link-color has-medium-font-size wp-elements-5170b9f05f0274be080d013f56cd5c3d\">Alta exposici\u00f3n al sol<\/li>\n\n\n\n<li class=\"has-ast-global-color-8-color has-text-color has-link-color has-medium-font-size wp-elements-ba892ad8e37640a05340de52bb65f4e6\">Problemas de calor constante<\/li>\n<\/ul>\n\n\n\n<div style=\"height:10px\" aria-hidden=\"true\" class=\"wp-block-spacer\"><\/div>\n\n\n\n<h4 class=\"wp-block-heading has-text-align-center has-ast-global-color-8-color has-text-color has-link-color wp-elements-09faa7dd2217f9852c43ccd646d7db66\"><strong>Aplicaci\u00f3n en El Salvador<\/strong><\/h4>\n\n\n\n<div style=\"height:20px\" aria-hidden=\"true\" class=\"wp-block-spacer\"><\/div>\n\n\n\n<p class=\"has-text-align-center has-ast-global-color-8-color has-text-color has-link-color has-medium-font-size wp-elements-8ad571f675c2a67ce3bad0e8c9e93aef\">En el pa\u00eds, cada vez m\u00e1s proyectos est\u00e1n incorporando aislamiento t\u00e9rmico desde el inicio, especialmente en zonas como:<\/p>\n\n\n\n<div style=\"height:10px\" aria-hidden=\"true\" class=\"wp-block-spacer\"><\/div>\n\n\n\n<ul class=\"wp-block-list\">\n<li class=\"has-ast-global-color-8-color has-text-color has-link-color has-medium-font-size wp-elements-3621b990f544faee68559409c8210bc3\">San Salvador<\/li>\n\n\n\n<li class=\"has-ast-global-color-8-color has-text-color has-link-color has-medium-font-size wp-elements-5449f4693f02df80d270ee1bde9a1982\">San Miguel<\/li>\n<\/ul>\n\n\n\n<p class=\"has-ast-global-color-8-color has-text-color has-link-color has-medium-font-size wp-elements-0872ba7db672d30219b97cee31c7ff9e\">Donde el calor tiene mayor impacto en el confort y operaci\u00f3n.<\/p>\n\n\n\n<div style=\"height:10px\" aria-hidden=\"true\" class=\"wp-block-spacer\"><\/div>\n\n\n\n<h4 class=\"wp-block-heading has-text-align-center has-ast-global-color-8-color has-text-color has-link-color wp-elements-fdbb14bb9e221cba088ba982b6b1c45c\"><strong>\u00bfD\u00f3nde encontrar soluciones de aislamiento t\u00e9rmico en El Salvador?<\/strong><\/h4>\n\n\n\n<div style=\"height:20px\" aria-hidden=\"true\" class=\"wp-block-spacer\"><\/div>\n\n\n\n<p class=\"has-text-align-center has-ast-global-color-8-color has-text-color has-link-color has-medium-font-size wp-elements-49fb7d8f230791ae0dd9fee39df441cf\">En Promaica puedes encontrar soluciones dise\u00f1adas para reducir el calor y mejorar la eficiencia de tu espacio.<\/p>\n\n\n\n<div style=\"height:10px\" aria-hidden=\"true\" class=\"wp-block-spacer\"><\/div>\n\n\n\n<p class=\"has-ast-global-color-8-color has-text-color has-link-color has-medium-font-size wp-elements-f73611dd037126c4abaec55187658923\">\ud83d\udccd <strong>San Salvador:<\/strong> Calle Roma y Calle Lorena #170, San Salvador <\/p>\n\n\n\n<p class=\"has-ast-global-color-8-color has-text-color has-link-color has-medium-font-size wp-elements-e45c92fb6f65ed0ee74402dbef081cf9\">\ud83d\udccd <strong>San Miguel:<\/strong> Carretera Panamericana, 500 metros de Metrocentro, en el ex local Z\u00f3calo, San Miguel <\/p>\n\n\n\n<p class=\"has-ast-global-color-8-color has-text-color has-link-color has-medium-font-size wp-elements-e0915dda49dc785a5181b7801885bca8\">\ud83d\udcde <strong>Tel\u00e9fono:<\/strong> 2515-0030<\/p>\n\n\n\n<p class=\"has-text-align-center has-ast-global-color-8-color has-text-color has-link-color has-medium-font-size wp-elements-dd1ad3c1c9d87bd29a1cd71347b6ac6f\">Nuestro equipo puede asesorarte seg\u00fan tu proyecto.<\/p>\n\n\n\n<p class=\"has-ast-global-color-8-color has-text-color has-link-color has-medium-font-size wp-elements-1a3926f62d812ae6efc4cfa97577bccd\"><strong>Entonces\u2026 \u00bfvale la pena?<\/strong> S\u00ed.<\/p>\n\n\n\n<p class=\"has-text-align-center has-ast-global-color-8-color has-text-color has-link-color has-medium-font-size wp-elements-ac1cfbf9d42a1f3193f93f29f9e09523\">Si buscas:<\/p>\n\n\n\n<div style=\"height:10px\" aria-hidden=\"true\" class=\"wp-block-spacer\"><\/div>\n\n\n\n<ul class=\"wp-block-list\">\n<li class=\"has-ast-global-color-8-color has-text-color has-link-color has-medium-font-size wp-elements-d4cf748876241f6f29be90241556604c\">Reducir el calor<\/li>\n\n\n\n<li class=\"has-ast-global-color-8-color has-text-color has-link-color has-medium-font-size wp-elements-e6d34ff23c1ea620beff2c6f86820189\">Ahorrar en energ\u00eda<\/li>\n\n\n\n<li class=\"has-ast-global-color-8-color has-text-color has-link-color has-medium-font-size wp-elements-e17bec5e04bfd2655ffd6ff9f3dd3eaf\">Mejorar el confort<\/li>\n\n\n\n<li class=\"has-ast-global-color-8-color has-text-color has-link-color has-medium-font-size wp-elements-763fc93259e0e847dd0fa65dd7d34957\">Hacer una inversi\u00f3n inteligente<\/li>\n<\/ul>\n\n\n\n<p class=\"has-ast-global-color-8-color has-text-color has-link-color has-medium-font-size wp-elements-82647dd06cacb46d67b320d3c5de7f7d\">\ud83d\udc49 El aislamiento t\u00e9rmico es una de las mejores decisiones que puedes tomar.<\/p>\n\n\n\n<div style=\"height:30px\" aria-hidden=\"true\" class=\"wp-block-spacer\"><\/div>\n\n\n\n<div class=\"wp-block-columns is-layout-flex wp-container-core-columns-is-layout-28f84493 wp-block-columns-is-layout-flex\">\n<div class=\"wp-block-column is-layout-flow wp-block-column-is-layout-flow\" style=\"flex-basis:33.33%\">\n<p class=\"has-text-align-center has-ast-global-color-8-color has-text-color has-link-color has-medium-font-size wp-elements-d0ebec6698856fbef89743a6b19a98f5\"><strong>\u00a1Visita nuestra tienda en l\u00ednea!<\/strong><\/p>\n\n\n\n<figure class=\"wp-block-image aligncenter size-full\"><a href=\"https:\/\/shop.equipoypartes.com\/promaica\/inicio\"><img decoding=\"async\" width=\"90\" height=\"90\" src=\"https:\/\/promaica.com\/blog\/wp-content\/uploads\/2026\/04\/icons8-carrito-de-compras-90.png\" alt=\"\" class=\"wp-image-1853\"\/><\/a><\/figure>\n<\/div>\n\n\n\n<div class=\"wp-block-column is-layout-flow wp-block-column-is-layout-flow\" style=\"flex-basis:66.66%\">\n<p class=\"has-ast-global-color-8-color has-text-color has-link-color has-medium-font-size wp-elements-830c3631998964a444fe689630878891\"><strong>S\u00edguenos en nuestras redes sociales<\/strong><br><\/p>\n\n\n\n<ul class=\"wp-block-social-links has-huge-icon-size is-style-logos-only is-layout-flex wp-block-social-links-is-layout-flex\"><li class=\"wp-social-link wp-social-link-facebook  wp-block-social-link\"><a href=\"https:\/\/www.facebook.com\/GrupoPromaica\" class=\"wp-block-social-link-anchor\"><svg width=\"24\" height=\"24\" viewBox=\"0 0 24 24\" version=\"1.1\" xmlns=\"http:\/\/www.w3.org\/2000\/svg\" aria-hidden=\"true\" focusable=\"false\"><path d=\"M12 2C6.5 2 2 6.5 2 12c0 5 3.7 9.1 8.4 9.9v-7H7.9V12h2.5V9.8c0-2.5 1.5-3.9 3.8-3.9 1.1 0 2.2.2 2.2.2v2.5h-1.3c-1.2 0-1.6.8-1.6 1.6V12h2.8l-.4 2.9h-2.3v7C18.3 21.1 22 17 22 12c0-5.5-4.5-10-10-10z\"><\/path><\/svg><span class=\"wp-block-social-link-label screen-reader-text\">Facebook<\/span><\/a><\/li>\n\n<li class=\"wp-social-link wp-social-link-instagram  wp-block-social-link\"><a href=\"https:\/\/www.instagram.com\/promaica_sv\/\" class=\"wp-block-social-link-anchor\"><svg width=\"24\" height=\"24\" viewBox=\"0 0 24 24\" version=\"1.1\" xmlns=\"http:\/\/www.w3.org\/2000\/svg\" aria-hidden=\"true\" focusable=\"false\"><path d=\"M12,4.622c2.403,0,2.688,0.009,3.637,0.052c0.877,0.04,1.354,0.187,1.671,0.31c0.42,0.163,0.72,0.358,1.035,0.673 c0.315,0.315,0.51,0.615,0.673,1.035c0.123,0.317,0.27,0.794,0.31,1.671c0.043,0.949,0.052,1.234,0.052,3.637 s-0.009,2.688-0.052,3.637c-0.04,0.877-0.187,1.354-0.31,1.671c-0.163,0.42-0.358,0.72-0.673,1.035 c-0.315,0.315-0.615,0.51-1.035,0.673c-0.317,0.123-0.794,0.27-1.671,0.31c-0.949,0.043-1.233,0.052-3.637,0.052 s-2.688-0.009-3.637-0.052c-0.877-0.04-1.354-0.187-1.671-0.31c-0.42-0.163-0.72-0.358-1.035-0.673 c-0.315-0.315-0.51-0.615-0.673-1.035c-0.123-0.317-0.27-0.794-0.31-1.671C4.631,14.688,4.622,14.403,4.622,12 s0.009-2.688,0.052-3.637c0.04-0.877,0.187-1.354,0.31-1.671c0.163-0.42,0.358-0.72,0.673-1.035 c0.315-0.315,0.615-0.51,1.035-0.673c0.317-0.123,0.794-0.27,1.671-0.31C9.312,4.631,9.597,4.622,12,4.622 M12,3 C9.556,3,9.249,3.01,8.289,3.054C7.331,3.098,6.677,3.25,6.105,3.472C5.513,3.702,5.011,4.01,4.511,4.511 c-0.5,0.5-0.808,1.002-1.038,1.594C3.25,6.677,3.098,7.331,3.054,8.289C3.01,9.249,3,9.556,3,12c0,2.444,0.01,2.751,0.054,3.711 c0.044,0.958,0.196,1.612,0.418,2.185c0.23,0.592,0.538,1.094,1.038,1.594c0.5,0.5,1.002,0.808,1.594,1.038 c0.572,0.222,1.227,0.375,2.185,0.418C9.249,20.99,9.556,21,12,21s2.751-0.01,3.711-0.054c0.958-0.044,1.612-0.196,2.185-0.418 c0.592-0.23,1.094-0.538,1.594-1.038c0.5-0.5,0.808-1.002,1.038-1.594c0.222-0.572,0.375-1.227,0.418-2.185 C20.99,14.751,21,14.444,21,12s-0.01-2.751-0.054-3.711c-0.044-0.958-0.196-1.612-0.418-2.185c-0.23-0.592-0.538-1.094-1.038-1.594 c-0.5-0.5-1.002-0.808-1.594-1.038c-0.572-0.222-1.227-0.375-2.185-0.418C14.751,3.01,14.444,3,12,3L12,3z M12,7.378 c-2.552,0-4.622,2.069-4.622,4.622S9.448,16.622,12,16.622s4.622-2.069,4.622-4.622S14.552,7.378,12,7.378z M12,15 c-1.657,0-3-1.343-3-3s1.343-3,3-3s3,1.343,3,3S13.657,15,12,15z M16.804,6.116c-0.596,0-1.08,0.484-1.08,1.08 s0.484,1.08,1.08,1.08c0.596,0,1.08-0.484,1.08-1.08S17.401,6.116,16.804,6.116z\"><\/path><\/svg><span class=\"wp-block-social-link-label screen-reader-text\">Instagram<\/span><\/a><\/li>\n\n<li class=\"wp-social-link wp-social-link-youtube  wp-block-social-link\"><a href=\"https:\/\/www.youtube.com\/@promaica\" class=\"wp-block-social-link-anchor\"><svg width=\"24\" height=\"24\" viewBox=\"0 0 24 24\" version=\"1.1\" xmlns=\"http:\/\/www.w3.org\/2000\/svg\" aria-hidden=\"true\" focusable=\"false\"><path d=\"M21.8,8.001c0,0-0.195-1.378-0.795-1.985c-0.76-0.797-1.613-0.801-2.004-0.847c-2.799-0.202-6.997-0.202-6.997-0.202 h-0.009c0,0-4.198,0-6.997,0.202C4.608,5.216,3.756,5.22,2.995,6.016C2.395,6.623,2.2,8.001,2.2,8.001S2,9.62,2,11.238v1.517 c0,1.618,0.2,3.237,0.2,3.237s0.195,1.378,0.795,1.985c0.761,0.797,1.76,0.771,2.205,0.855c1.6,0.153,6.8,0.201,6.8,0.201 s4.203-0.006,7.001-0.209c0.391-0.047,1.243-0.051,2.004-0.847c0.6-0.607,0.795-1.985,0.795-1.985s0.2-1.618,0.2-3.237v-1.517 C22,9.62,21.8,8.001,21.8,8.001z M9.935,14.594l-0.001-5.62l5.404,2.82L9.935,14.594z\"><\/path><\/svg><span class=\"wp-block-social-link-label screen-reader-text\">YouTube<\/span><\/a><\/li><\/ul>\n<\/div>\n<\/div>\n","protected":false},"excerpt":{"rendered":"<p>En El Salvador, donde el calor es constante durante gran parte del a\u00f1o, muchas personas consideran instalar aislamiento t\u00e9rmico\u2026 pero se detienen por una duda muy com\u00fan: \ud83d\udc49 \u00bfrealmente vale la pena la inversi\u00f3n? La respuesta corta es: s\u00ed. Pero en este blog te explicamos por qu\u00e9 s\u00ed vale la pena, con beneficios reales que [&hellip;]<\/p>\n","protected":false},"author":13,"featured_media":0,"comment_status":"open","ping_status":"closed","sticky":false,"template":"","format":"standard","meta":{"site-sidebar-layout":"default","site-content-layout":"","ast-site-content-layout":"default","site-content-style":"default","site-sidebar-style":"default","ast-global-header-display":"","ast-banner-title-visibility":"","ast-main-header-display":"","ast-hfb-above-header-display":"","ast-hfb-below-header-display":"","ast-hfb-mobile-header-display":"","site-post-title":"","ast-breadcrumbs-content":"","ast-featured-img":"","footer-sml-layout":"","ast-disable-related-posts":"","theme-transparent-header-meta":"","adv-header-id-meta":"","stick-header-meta":"","header-above-stick-meta":"","header-main-stick-meta":"","header-below-stick-meta":"","astra-migrate-meta-layouts":"set","ast-page-background-enabled":"default","ast-page-background-meta":{"desktop":{"background-color":"var(--ast-global-color-4)","background-image":"","background-repeat":"repeat","background-position":"center center","background-size":"auto","background-attachment":"scroll","background-type":"","background-media":"","overlay-type":"","overlay-color":"","overlay-opacity":"","overlay-gradient":""},"tablet":{"background-color":"","background-image":"","background-repeat":"repeat","background-position":"center center","background-size":"auto","background-attachment":"scroll","background-type":"","background-media":"","overlay-type":"","overlay-color":"","overlay-opacity":"","overlay-gradient":""},"mobile":{"background-color":"","background-image":"","background-repeat":"repeat","background-position":"center center","background-size":"auto","background-attachment":"scroll","background-type":"","background-media":"","overlay-type":"","overlay-color":"","overlay-opacity":"","overlay-gradient":""}},"ast-content-background-meta":{"desktop":{"background-color":"var(--ast-global-color-5)","background-image":"","background-repeat":"repeat","background-position":"center center","background-size":"auto","background-attachment":"scroll","background-type":"","background-media":"","overlay-type":"","overlay-color":"","overlay-opacity":"","overlay-gradient":""},"tablet":{"background-color":"var(--ast-global-color-5)","background-image":"","background-repeat":"repeat","background-position":"center center","background-size":"auto","background-attachment":"scroll","background-type":"","background-media":"","overlay-type":"","overlay-color":"","overlay-opacity":"","overlay-gradient":""},"mobile":{"background-color":"var(--ast-global-color-5)","background-image":"","background-repeat":"repeat","background-position":"center center","background-size":"auto","background-attachment":"scroll","background-type":"","background-media":"","overlay-type":"","overlay-color":"","overlay-opacity":"","overlay-gradient":""}},"footnotes":""},"categories":[1],"tags":[250,237,252,236,161,260,238,248],"class_list":["post-1978","post","type-post","status-publish","format-standard","hentry","category-general","tag-ahorroenergetico","tag-aislamientotermico-3","tag-construccioninteligente","tag-construccionsv","tag-eficienciaenergetica-3","tag-negociossv","tag-promaica-2","tag-reducirelcalor"],"yoast_head":"<!-- This site is optimized with the Yoast SEO plugin v27.4 - https:\/\/yoast.com\/product\/yoast-seo-wordpress\/ -->\n<title>\u00bfVale la pena invertir en aislamiento t\u00e9rmico en El Salvador?<\/title>\n<meta name=\"description\" content=\"En El Salvador, donde el calor es constante durante gran parte del a\u00f1o, muchas personas consideran instalar aislamiento t\u00e9rmico\" \/>\n<meta name=\"robots\" content=\"index, follow, max-snippet:-1, max-image-preview:large, max-video-preview:-1\" \/>\n<link rel=\"canonical\" href=\"https:\/\/promaica.com\/blog\/vale-la-pena-invertir-en-aislamiento-termico-en-el-salvador-beneficios-reales-a-largo-plazo\/\" \/>\n<meta property=\"og:locale\" content=\"es_ES\" \/>\n<meta property=\"og:type\" content=\"article\" \/>\n<meta property=\"og:title\" content=\"\u00bfVale la pena invertir en aislamiento t\u00e9rmico en El Salvador?\" \/>\n<meta property=\"og:description\" content=\"En El Salvador, donde el calor es constante durante gran parte del a\u00f1o, muchas personas consideran instalar aislamiento t\u00e9rmico\" \/>\n<meta property=\"og:url\" content=\"https:\/\/promaica.com\/blog\/vale-la-pena-invertir-en-aislamiento-termico-en-el-salvador-beneficios-reales-a-largo-plazo\/\" \/>\n<meta property=\"og:site_name\" content=\"Blog de Aislamiento y refrigeraci\u00f3n industrial\" \/>\n<meta property=\"article:published_time\" content=\"2026-05-01T22:30:00+00:00\" \/>\n<meta property=\"og:image\" content=\"https:\/\/promaica.com\/blog\/wp-content\/uploads\/2026\/04\/instalacion-fibra-de-vidrio-en-techo-residencial.jpg\" \/>\n\t<meta property=\"og:image:width\" content=\"1920\" \/>\n\t<meta property=\"og:image:height\" content=\"1080\" \/>\n\t<meta property=\"og:image:type\" content=\"image\/jpeg\" \/>\n<meta name=\"author\" content=\"Morales\" \/>\n<meta name=\"twitter:card\" content=\"summary_large_image\" \/>\n<meta name=\"twitter:label1\" content=\"Escrito por\" \/>\n\t<meta name=\"twitter:data1\" content=\"Morales\" \/>\n\t<meta name=\"twitter:label2\" content=\"Tiempo de lectura\" \/>\n\t<meta name=\"twitter:data2\" content=\"3 minutos\" \/>\n<script type=\"application\/ld+json\" class=\"yoast-schema-graph\">{\"@context\":\"https:\\\/\\\/schema.org\",\"@graph\":[{\"@type\":\"Article\",\"@id\":\"https:\\\/\\\/promaica.com\\\/blog\\\/vale-la-pena-invertir-en-aislamiento-termico-en-el-salvador-beneficios-reales-a-largo-plazo\\\/#article\",\"isPartOf\":{\"@id\":\"https:\\\/\\\/promaica.com\\\/blog\\\/vale-la-pena-invertir-en-aislamiento-termico-en-el-salvador-beneficios-reales-a-largo-plazo\\\/\"},\"author\":{\"name\":\"Morales\",\"@id\":\"https:\\\/\\\/promaica.com\\\/blog\\\/#\\\/schema\\\/person\\\/cbe9040be67a3ea2962352f1594d2897\"},\"headline\":\"\u00bfVale la pena invertir en aislamiento t\u00e9rmico en El Salvador? (beneficios reales a largo plazo)\u00a0\u00a0\",\"datePublished\":\"2026-05-01T22:30:00+00:00\",\"mainEntityOfPage\":{\"@id\":\"https:\\\/\\\/promaica.com\\\/blog\\\/vale-la-pena-invertir-en-aislamiento-termico-en-el-salvador-beneficios-reales-a-largo-plazo\\\/\"},\"wordCount\":540,\"commentCount\":0,\"publisher\":{\"@id\":\"https:\\\/\\\/promaica.com\\\/blog\\\/#organization\"},\"image\":{\"@id\":\"https:\\\/\\\/promaica.com\\\/blog\\\/vale-la-pena-invertir-en-aislamiento-termico-en-el-salvador-beneficios-reales-a-largo-plazo\\\/#primaryimage\"},\"thumbnailUrl\":\"https:\\\/\\\/promaica.com\\\/blog\\\/wp-content\\\/uploads\\\/2026\\\/04\\\/icons8-carrito-de-compras-90.png\",\"keywords\":[\"#AhorroEnergetico\",\"#AislamientoTermico\",\"#ConstruccionInteligente\",\"#ConstruccionSV\",\"#eficienciaenergetica\",\"#NegociosSV\",\"#Promaica\",\"#ReducirElCalor\"],\"articleSection\":[\"General\"],\"inLanguage\":\"es\",\"potentialAction\":[{\"@type\":\"CommentAction\",\"name\":\"Comment\",\"target\":[\"https:\\\/\\\/promaica.com\\\/blog\\\/vale-la-pena-invertir-en-aislamiento-termico-en-el-salvador-beneficios-reales-a-largo-plazo\\\/#respond\"]}]},{\"@type\":\"WebPage\",\"@id\":\"https:\\\/\\\/promaica.com\\\/blog\\\/vale-la-pena-invertir-en-aislamiento-termico-en-el-salvador-beneficios-reales-a-largo-plazo\\\/\",\"url\":\"https:\\\/\\\/promaica.com\\\/blog\\\/vale-la-pena-invertir-en-aislamiento-termico-en-el-salvador-beneficios-reales-a-largo-plazo\\\/\",\"name\":\"\u00bfVale la pena invertir en aislamiento t\u00e9rmico en El Salvador?\",\"isPartOf\":{\"@id\":\"https:\\\/\\\/promaica.com\\\/blog\\\/#website\"},\"primaryImageOfPage\":{\"@id\":\"https:\\\/\\\/promaica.com\\\/blog\\\/vale-la-pena-invertir-en-aislamiento-termico-en-el-salvador-beneficios-reales-a-largo-plazo\\\/#primaryimage\"},\"image\":{\"@id\":\"https:\\\/\\\/promaica.com\\\/blog\\\/vale-la-pena-invertir-en-aislamiento-termico-en-el-salvador-beneficios-reales-a-largo-plazo\\\/#primaryimage\"},\"thumbnailUrl\":\"https:\\\/\\\/promaica.com\\\/blog\\\/wp-content\\\/uploads\\\/2026\\\/04\\\/icons8-carrito-de-compras-90.png\",\"datePublished\":\"2026-05-01T22:30:00+00:00\",\"description\":\"En El Salvador, donde el calor es constante durante gran parte del a\u00f1o, muchas personas consideran instalar aislamiento t\u00e9rmico\",\"breadcrumb\":{\"@id\":\"https:\\\/\\\/promaica.com\\\/blog\\\/vale-la-pena-invertir-en-aislamiento-termico-en-el-salvador-beneficios-reales-a-largo-plazo\\\/#breadcrumb\"},\"inLanguage\":\"es\",\"potentialAction\":[{\"@type\":\"ReadAction\",\"target\":[\"https:\\\/\\\/promaica.com\\\/blog\\\/vale-la-pena-invertir-en-aislamiento-termico-en-el-salvador-beneficios-reales-a-largo-plazo\\\/\"]}]},{\"@type\":\"ImageObject\",\"inLanguage\":\"es\",\"@id\":\"https:\\\/\\\/promaica.com\\\/blog\\\/vale-la-pena-invertir-en-aislamiento-termico-en-el-salvador-beneficios-reales-a-largo-plazo\\\/#primaryimage\",\"url\":\"https:\\\/\\\/promaica.com\\\/blog\\\/wp-content\\\/uploads\\\/2026\\\/04\\\/icons8-carrito-de-compras-90.png\",\"contentUrl\":\"https:\\\/\\\/promaica.com\\\/blog\\\/wp-content\\\/uploads\\\/2026\\\/04\\\/icons8-carrito-de-compras-90.png\",\"width\":90,\"height\":90},{\"@type\":\"BreadcrumbList\",\"@id\":\"https:\\\/\\\/promaica.com\\\/blog\\\/vale-la-pena-invertir-en-aislamiento-termico-en-el-salvador-beneficios-reales-a-largo-plazo\\\/#breadcrumb\",\"itemListElement\":[{\"@type\":\"ListItem\",\"position\":1,\"name\":\"Portada\",\"item\":\"https:\\\/\\\/promaica.com\\\/blog\\\/\"},{\"@type\":\"ListItem\",\"position\":2,\"name\":\"\u00bfVale la pena invertir en aislamiento t\u00e9rmico en El Salvador? (beneficios reales a largo plazo)\u00a0\u00a0\"}]},{\"@type\":\"WebSite\",\"@id\":\"https:\\\/\\\/promaica.com\\\/blog\\\/#website\",\"url\":\"https:\\\/\\\/promaica.com\\\/blog\\\/\",\"name\":\"Blog de Aislamiento y refrigeraci\u00f3n industrial\",\"description\":\"PROMAICA\",\"publisher\":{\"@id\":\"https:\\\/\\\/promaica.com\\\/blog\\\/#organization\"},\"potentialAction\":[{\"@type\":\"SearchAction\",\"target\":{\"@type\":\"EntryPoint\",\"urlTemplate\":\"https:\\\/\\\/promaica.com\\\/blog\\\/?s={search_term_string}\"},\"query-input\":{\"@type\":\"PropertyValueSpecification\",\"valueRequired\":true,\"valueName\":\"search_term_string\"}}],\"inLanguage\":\"es\"},{\"@type\":\"Organization\",\"@id\":\"https:\\\/\\\/promaica.com\\\/blog\\\/#organization\",\"name\":\"Blog de Aislamiento y refrigeraci\u00f3n industrial\",\"url\":\"https:\\\/\\\/promaica.com\\\/blog\\\/\",\"logo\":{\"@type\":\"ImageObject\",\"inLanguage\":\"es\",\"@id\":\"https:\\\/\\\/promaica.com\\\/blog\\\/#\\\/schema\\\/logo\\\/image\\\/\",\"url\":\"https:\\\/\\\/promaica.com\\\/blog\\\/wp-content\\\/uploads\\\/2021\\\/11\\\/logo-promaica-blanco.png\",\"contentUrl\":\"https:\\\/\\\/promaica.com\\\/blog\\\/wp-content\\\/uploads\\\/2021\\\/11\\\/logo-promaica-blanco.png\",\"width\":138,\"height\":40,\"caption\":\"Blog de Aislamiento y refrigeraci\u00f3n industrial\"},\"image\":{\"@id\":\"https:\\\/\\\/promaica.com\\\/blog\\\/#\\\/schema\\\/logo\\\/image\\\/\"}},{\"@type\":\"Person\",\"@id\":\"https:\\\/\\\/promaica.com\\\/blog\\\/#\\\/schema\\\/person\\\/cbe9040be67a3ea2962352f1594d2897\",\"name\":\"Morales\",\"image\":{\"@type\":\"ImageObject\",\"inLanguage\":\"es\",\"@id\":\"https:\\\/\\\/secure.gravatar.com\\\/avatar\\\/cbff1af3650cf901924b80ea245a89fc4347f631779f12c56a34dd2effbc98e4?s=96&d=mm&r=g\",\"url\":\"https:\\\/\\\/secure.gravatar.com\\\/avatar\\\/cbff1af3650cf901924b80ea245a89fc4347f631779f12c56a34dd2effbc98e4?s=96&d=mm&r=g\",\"contentUrl\":\"https:\\\/\\\/secure.gravatar.com\\\/avatar\\\/cbff1af3650cf901924b80ea245a89fc4347f631779f12c56a34dd2effbc98e4?s=96&d=mm&r=g\",\"caption\":\"Morales\"},\"url\":\"https:\\\/\\\/promaica.com\\\/blog\\\/author\\\/gabrielamorales\\\/\"}]}<\/script>\n<!-- \/ Yoast SEO plugin. -->","yoast_head_json":{"title":"\u00bfVale la pena invertir en aislamiento t\u00e9rmico en El Salvador?","description":"En El Salvador, donde el calor es constante durante gran parte del a\u00f1o, muchas personas consideran instalar aislamiento t\u00e9rmico","robots":{"index":"index","follow":"follow","max-snippet":"max-snippet:-1","max-image-preview":"max-image-preview:large","max-video-preview":"max-video-preview:-1"},"canonical":"https:\/\/promaica.com\/blog\/vale-la-pena-invertir-en-aislamiento-termico-en-el-salvador-beneficios-reales-a-largo-plazo\/","og_locale":"es_ES","og_type":"article","og_title":"\u00bfVale la pena invertir en aislamiento t\u00e9rmico en El Salvador?","og_description":"En El Salvador, donde el calor es constante durante gran parte del a\u00f1o, muchas personas consideran instalar aislamiento t\u00e9rmico","og_url":"https:\/\/promaica.com\/blog\/vale-la-pena-invertir-en-aislamiento-termico-en-el-salvador-beneficios-reales-a-largo-plazo\/","og_site_name":"Blog de Aislamiento y refrigeraci\u00f3n industrial","article_published_time":"2026-05-01T22:30:00+00:00","og_image":[{"width":1920,"height":1080,"url":"https:\/\/promaica.com\/blog\/wp-content\/uploads\/2026\/04\/instalacion-fibra-de-vidrio-en-techo-residencial.jpg","type":"image\/jpeg"}],"author":"Morales","twitter_card":"summary_large_image","twitter_misc":{"Escrito por":"Morales","Tiempo de lectura":"3 minutos"},"schema":{"@context":"https:\/\/schema.org","@graph":[{"@type":"Article","@id":"https:\/\/promaica.com\/blog\/vale-la-pena-invertir-en-aislamiento-termico-en-el-salvador-beneficios-reales-a-largo-plazo\/#article","isPartOf":{"@id":"https:\/\/promaica.com\/blog\/vale-la-pena-invertir-en-aislamiento-termico-en-el-salvador-beneficios-reales-a-largo-plazo\/"},"author":{"name":"Morales","@id":"https:\/\/promaica.com\/blog\/#\/schema\/person\/cbe9040be67a3ea2962352f1594d2897"},"headline":"\u00bfVale la pena invertir en aislamiento t\u00e9rmico en El Salvador? (beneficios reales a largo plazo)\u00a0\u00a0","datePublished":"2026-05-01T22:30:00+00:00","mainEntityOfPage":{"@id":"https:\/\/promaica.com\/blog\/vale-la-pena-invertir-en-aislamiento-termico-en-el-salvador-beneficios-reales-a-largo-plazo\/"},"wordCount":540,"commentCount":0,"publisher":{"@id":"https:\/\/promaica.com\/blog\/#organization"},"image":{"@id":"https:\/\/promaica.com\/blog\/vale-la-pena-invertir-en-aislamiento-termico-en-el-salvador-beneficios-reales-a-largo-plazo\/#primaryimage"},"thumbnailUrl":"https:\/\/promaica.com\/blog\/wp-content\/uploads\/2026\/04\/icons8-carrito-de-compras-90.png","keywords":["#AhorroEnergetico","#AislamientoTermico","#ConstruccionInteligente","#ConstruccionSV","#eficienciaenergetica","#NegociosSV","#Promaica","#ReducirElCalor"],"articleSection":["General"],"inLanguage":"es","potentialAction":[{"@type":"CommentAction","name":"Comment","target":["https:\/\/promaica.com\/blog\/vale-la-pena-invertir-en-aislamiento-termico-en-el-salvador-beneficios-reales-a-largo-plazo\/#respond"]}]},{"@type":"WebPage","@id":"https:\/\/promaica.com\/blog\/vale-la-pena-invertir-en-aislamiento-termico-en-el-salvador-beneficios-reales-a-largo-plazo\/","url":"https:\/\/promaica.com\/blog\/vale-la-pena-invertir-en-aislamiento-termico-en-el-salvador-beneficios-reales-a-largo-plazo\/","name":"\u00bfVale la pena invertir en aislamiento t\u00e9rmico en El Salvador?","isPartOf":{"@id":"https:\/\/promaica.com\/blog\/#website"},"primaryImageOfPage":{"@id":"https:\/\/promaica.com\/blog\/vale-la-pena-invertir-en-aislamiento-termico-en-el-salvador-beneficios-reales-a-largo-plazo\/#primaryimage"},"image":{"@id":"https:\/\/promaica.com\/blog\/vale-la-pena-invertir-en-aislamiento-termico-en-el-salvador-beneficios-reales-a-largo-plazo\/#primaryimage"},"thumbnailUrl":"https:\/\/promaica.com\/blog\/wp-content\/uploads\/2026\/04\/icons8-carrito-de-compras-90.png","datePublished":"2026-05-01T22:30:00+00:00","description":"En El Salvador, donde el calor es constante durante gran parte del a\u00f1o, muchas personas consideran instalar aislamiento t\u00e9rmico","breadcrumb":{"@id":"https:\/\/promaica.com\/blog\/vale-la-pena-invertir-en-aislamiento-termico-en-el-salvador-beneficios-reales-a-largo-plazo\/#breadcrumb"},"inLanguage":"es","potentialAction":[{"@type":"ReadAction","target":["https:\/\/promaica.com\/blog\/vale-la-pena-invertir-en-aislamiento-termico-en-el-salvador-beneficios-reales-a-largo-plazo\/"]}]},{"@type":"ImageObject","inLanguage":"es","@id":"https:\/\/promaica.com\/blog\/vale-la-pena-invertir-en-aislamiento-termico-en-el-salvador-beneficios-reales-a-largo-plazo\/#primaryimage","url":"https:\/\/promaica.com\/blog\/wp-content\/uploads\/2026\/04\/icons8-carrito-de-compras-90.png","contentUrl":"https:\/\/promaica.com\/blog\/wp-content\/uploads\/2026\/04\/icons8-carrito-de-compras-90.png","width":90,"height":90},{"@type":"BreadcrumbList","@id":"https:\/\/promaica.com\/blog\/vale-la-pena-invertir-en-aislamiento-termico-en-el-salvador-beneficios-reales-a-largo-plazo\/#breadcrumb","itemListElement":[{"@type":"ListItem","position":1,"name":"Portada","item":"https:\/\/promaica.com\/blog\/"},{"@type":"ListItem","position":2,"name":"\u00bfVale la pena invertir en aislamiento t\u00e9rmico en El Salvador? (beneficios reales a largo plazo)\u00a0\u00a0"}]},{"@type":"WebSite","@id":"https:\/\/promaica.com\/blog\/#website","url":"https:\/\/promaica.com\/blog\/","name":"Blog de Aislamiento y refrigeraci\u00f3n industrial","description":"PROMAICA","publisher":{"@id":"https:\/\/promaica.com\/blog\/#organization"},"potentialAction":[{"@type":"SearchAction","target":{"@type":"EntryPoint","urlTemplate":"https:\/\/promaica.com\/blog\/?s={search_term_string}"},"query-input":{"@type":"PropertyValueSpecification","valueRequired":true,"valueName":"search_term_string"}}],"inLanguage":"es"},{"@type":"Organization","@id":"https:\/\/promaica.com\/blog\/#organization","name":"Blog de Aislamiento y refrigeraci\u00f3n industrial","url":"https:\/\/promaica.com\/blog\/","logo":{"@type":"ImageObject","inLanguage":"es","@id":"https:\/\/promaica.com\/blog\/#\/schema\/logo\/image\/","url":"https:\/\/promaica.com\/blog\/wp-content\/uploads\/2021\/11\/logo-promaica-blanco.png","contentUrl":"https:\/\/promaica.com\/blog\/wp-content\/uploads\/2021\/11\/logo-promaica-blanco.png","width":138,"height":40,"caption":"Blog de Aislamiento y refrigeraci\u00f3n industrial"},"image":{"@id":"https:\/\/promaica.com\/blog\/#\/schema\/logo\/image\/"}},{"@type":"Person","@id":"https:\/\/promaica.com\/blog\/#\/schema\/person\/cbe9040be67a3ea2962352f1594d2897","name":"Morales","image":{"@type":"ImageObject","inLanguage":"es","@id":"https:\/\/secure.gravatar.com\/avatar\/cbff1af3650cf901924b80ea245a89fc4347f631779f12c56a34dd2effbc98e4?s=96&d=mm&r=g","url":"https:\/\/secure.gravatar.com\/avatar\/cbff1af3650cf901924b80ea245a89fc4347f631779f12c56a34dd2effbc98e4?s=96&d=mm&r=g","contentUrl":"https:\/\/secure.gravatar.com\/avatar\/cbff1af3650cf901924b80ea245a89fc4347f631779f12c56a34dd2effbc98e4?s=96&d=mm&r=g","caption":"Morales"},"url":"https:\/\/promaica.com\/blog\/author\/gabrielamorales\/"}]}},"_links":{"self":[{"href":"https:\/\/promaica.com\/blog\/wp-json\/wp\/v2\/posts\/1978","targetHints":{"allow":["GET"]}}],"collection":[{"href":"https:\/\/promaica.com\/blog\/wp-json\/wp\/v2\/posts"}],"about":[{"href":"https:\/\/promaica.com\/blog\/wp-json\/wp\/v2\/types\/post"}],"author":[{"embeddable":true,"href":"https:\/\/promaica.com\/blog\/wp-json\/wp\/v2\/users\/13"}],"replies":[{"embeddable":true,"href":"https:\/\/promaica.com\/blog\/wp-json\/wp\/v2\/comments?post=1978"}],"version-history":[{"count":5,"href":"https:\/\/promaica.com\/blog\/wp-json\/wp\/v2\/posts\/1978\/revisions"}],"predecessor-version":[{"id":1983,"href":"https:\/\/promaica.com\/blog\/wp-json\/wp\/v2\/posts\/1978\/revisions\/1983"}],"wp:attachment":[{"href":"https:\/\/promaica.com\/blog\/wp-json\/wp\/v2\/media?parent=1978"}],"wp:term":[{"taxonomy":"category","embeddable":true,"href":"https:\/\/promaica.com\/blog\/wp-json\/wp\/v2\/categories?post=1978"},{"taxonomy":"post_tag","embeddable":true,"href":"https:\/\/promaica.com\/blog\/wp-json\/wp\/v2\/tags?post=1978"}],"curies":[{"name":"wp","href":"https:\/\/api.w.org\/{rel}","templated":true}]}}