{"id":1970,"date":"2026-04-30T16:30:00","date_gmt":"2026-04-30T22:30:00","guid":{"rendered":"https:\/\/promaica.com\/blog\/?p=1970"},"modified":"2026-04-29T16:00:53","modified_gmt":"2026-04-29T22:00:53","slug":"como-mantener-fresco-un-restaurante-en-el-salvador-sin-gastar-de-mas-en-aire-acondicionado","status":"publish","type":"post","link":"https:\/\/promaica.com\/blog\/como-mantener-fresco-un-restaurante-en-el-salvador-sin-gastar-de-mas-en-aire-acondicionado\/","title":{"rendered":"C\u00f3mo mantener fresco un restaurante en El Salvador sin gastar de m\u00e1s en aire acondicionado\u00a0\u00a0"},"content":{"rendered":"\n<p class=\"has-ast-global-color-8-color has-text-color has-link-color has-medium-font-size wp-elements-8841aff927728a0d7e768f9cb79056a5\" id=\"p-rc_78f9a4d5fe2581f4-274\">Si tienes un restaurante en El Salvador, sabes que el calor puede convertirse en un problema serio<sup><\/sup>. No solo afecta la comodidad de tus clientes, tambi\u00e9n impacta:<\/p>\n\n\n\n<ul class=\"wp-block-list\">\n<li class=\"has-ast-global-color-8-color has-text-color has-link-color has-medium-font-size wp-elements-c86728cef290d5a520874454783380aa\">La experiencia dentro del local <\/li>\n\n\n\n<li class=\"has-ast-global-color-8-color has-text-color has-link-color has-medium-font-size wp-elements-8dc63e54f01ed44f83be663c591103f3\">El rendimiento del personal <\/li>\n\n\n\n<li class=\"has-ast-global-color-8-color has-text-color has-link-color has-medium-font-size wp-elements-0c483e3239f8e960dfa83a5b9e5688a5\">El consumo de energ\u00eda el\u00e9ctrica <\/li>\n<\/ul>\n\n\n\n<p class=\"has-ast-global-color-8-color has-text-color has-link-color has-medium-font-size wp-elements-484e4aae30582b878784da972dfb5560\" id=\"p-rc_78f9a4d5fe2581f4-278\">Muchos negocios intentan resolverlo usando m\u00e1s aire acondicionado\u2026 pero eso no siempre es la mejor soluci\u00f3n<sup><\/sup>. En este blog te explicamos c\u00f3mo mantener tu restaurante fresco sin disparar tus costos<sup><\/sup>.<\/p>\n\n\n\n<div style=\"height:10px\" aria-hidden=\"true\" class=\"wp-block-spacer\"><\/div>\n\n\n\n<h3 class=\"wp-block-heading has-text-align-center has-ast-global-color-8-color has-text-color has-link-color wp-elements-d4852155971c841cb81547df90892444\" id=\"p-rc_78f9a4d5fe2581f4-279\"><strong>\u00bfPor qu\u00e9 tu restaurante se calienta tanto? <\/strong><\/h3>\n\n\n\n<div style=\"height:20px\" aria-hidden=\"true\" class=\"wp-block-spacer\"><\/div>\n\n\n\n<p class=\"has-text-align-center has-ast-global-color-8-color has-text-color has-link-color has-medium-font-size wp-elements-99e93e0cc7389838a6f6698ca3b6cfd2\" id=\"p-rc_78f9a4d5fe2581f4-280\">El calor dentro de un restaurante no viene de un solo lugar<sup><\/sup>. Generalmente proviene de:<\/p>\n\n\n\n<div style=\"height:10px\" aria-hidden=\"true\" class=\"wp-block-spacer\"><\/div>\n\n\n\n<ul class=\"wp-block-list\">\n<li class=\"has-ast-global-color-8-color has-text-color has-link-color has-medium-font-size wp-elements-e329a60c49928d5eee8d1612ee1a90c2\">Techos expuestos al sol <\/li>\n\n\n\n<li class=\"has-ast-global-color-8-color has-text-color has-link-color has-medium-font-size wp-elements-b3ecc02f5d2d860833452a89b4be9dba\">Cocinas y equipos calientes <\/li>\n\n\n\n<li class=\"has-ast-global-color-8-color has-text-color has-link-color has-medium-font-size wp-elements-f7113eace1d63c5df5a90cedc1e5a4f4\">Mala ventilaci\u00f3n <\/li>\n\n\n\n<li class=\"has-ast-global-color-8-color has-text-color has-link-color has-medium-font-size wp-elements-814129fc253cb79b5a31f0f68f29a736\">Materiales que no a\u00edslan el calor <br><br>\ud83d\udc49 El problema no es solo el clima\u2026 es c\u00f3mo est\u00e1 dise\u00f1ado el espacio.<\/li>\n<\/ul>\n\n\n\n<p class=\"has-ast-global-color-8-color has-text-color has-link-color has-medium-font-size wp-elements-6da71f67d54bee0ecbacd95b83c02112\" id=\"p-rc_78f9a4d5fe2581f4-285\">Error com\u00fan: depender solo del aire acondicionado <sup><\/sup><\/p>\n\n\n\n<p class=\"has-text-align-center has-ast-global-color-8-color has-text-color has-link-color has-medium-font-size wp-elements-d837887b920ddcd22605c64c54f16a40\">Muchos restaurantes hacen esto:<\/p>\n\n\n\n<div style=\"height:10px\" aria-hidden=\"true\" class=\"wp-block-spacer\"><\/div>\n\n\n\n<ul class=\"wp-block-list\">\n<li class=\"has-ast-global-color-8-color has-text-color has-link-color has-medium-font-size wp-elements-da156660fad195ece20c4bfcf1968ef0\">Instalan aire acondicionado <\/li>\n\n\n\n<li class=\"has-ast-global-color-8-color has-text-color has-link-color has-medium-font-size wp-elements-abdacf2ab1e77d5e5375a0df1f540e18\">Suben la potencia <\/li>\n\n\n\n<li class=\"has-ast-global-color-8-color has-text-color has-link-color has-medium-font-size wp-elements-05c6aeee624ecfcd187bd33f234c0c2f\">Lo mantienen encendido todo el d\u00eda Pero el problema sigue porque el calor sigue entrando, el equipo trabaja m\u00e1s y el consumo el\u00e9ctrico aumenta. <br><br>\ud83d\udc49 Est\u00e1s enfriando\u2026 pero no solucionando el problema.<\/li>\n<\/ul>\n\n\n\n<div style=\"height:10px\" aria-hidden=\"true\" class=\"wp-block-spacer\"><\/div>\n\n\n\n<h4 class=\"wp-block-heading has-text-align-center has-ast-global-color-8-color has-text-color has-link-color wp-elements-e6a779bceb8966e2bbd57f56c7150f8b\" id=\"p-rc_78f9a4d5fe2581f4-289\"><strong>Soluci\u00f3n #1: Aislamiento t\u00e9rmico en el techo <\/strong><\/h4>\n\n\n\n<div style=\"height:20px\" aria-hidden=\"true\" class=\"wp-block-spacer\"><\/div>\n\n\n\n<p class=\"has-ast-global-color-8-color has-text-color has-link-color has-medium-font-size wp-elements-10e56043017fcfbab146ada002c2e843\" id=\"p-rc_78f9a4d5fe2581f4-290\">El techo es el punto por donde m\u00e1s calor entra. Si no se controla, el aire acondicionado pierde eficiencia y el calor se acumula r\u00e1pidamente. <\/p>\n\n\n\n<p class=\"has-ast-global-color-8-color has-text-color has-link-color has-medium-font-size wp-elements-4d76410993713ffb6d6f992bd838c03b\" id=\"p-rc_78f9a4d5fe2581f4-290\">\ud83d\udd27 <strong>Soluci\u00f3n:<\/strong> Implementar aislamiento t\u00e9rmico reduce la entrada de calor y mejora el rendimiento del aire acondicionado.<\/p>\n\n\n\n<div style=\"height:10px\" aria-hidden=\"true\" class=\"wp-block-spacer\"><\/div>\n\n\n\n<h3 class=\"wp-block-heading has-text-align-center has-ast-global-color-8-color has-text-color has-link-color wp-elements-8dc83f190c50437e3fb74a0d82232e00\" id=\"p-rc_78f9a4d5fe2581f4-291\"><strong>Soluci\u00f3n #2: Control del calor en cocina <\/strong><\/h3>\n\n\n\n<div style=\"height:20px\" aria-hidden=\"true\" class=\"wp-block-spacer\"><\/div>\n\n\n\n<p class=\"has-text-align-center has-ast-global-color-8-color has-text-color has-link-color has-medium-font-size wp-elements-ae4a5f49de1e672b62f6cf829d5f5707\" id=\"p-rc_78f9a4d5fe2581f4-292\">Las cocinas generan una gran cantidad de calor, lo que afecta directamente el ambiente del restaurante. <\/p>\n\n\n\n<p class=\"has-text-align-center has-ast-global-color-8-color has-text-color has-link-color has-medium-font-size wp-elements-93f16c3e5c07cdedf4a3fb0dbfc765a6\" id=\"p-rc_78f9a4d5fe2581f4-292\"><br>\ud83d\udd27 <strong>Soluci\u00f3n:<\/strong><\/p>\n\n\n\n<div style=\"height:10px\" aria-hidden=\"true\" class=\"wp-block-spacer\"><\/div>\n\n\n\n<ul class=\"wp-block-list\">\n<li class=\"has-ast-global-color-8-color has-text-color has-link-color has-medium-font-size wp-elements-208e7eee11b190b36edadd5d78367d69\">Separar \u00e1reas cuando sea posible <\/li>\n\n\n\n<li class=\"has-ast-global-color-8-color has-text-color has-link-color has-medium-font-size wp-elements-f227a99460b14abffe2ab29d92c48290\">Mejorar ventilaci\u00f3n <\/li>\n\n\n\n<li class=\"has-ast-global-color-8-color has-text-color has-link-color has-medium-font-size wp-elements-ea0e0bc6ea0491ecf5c270b7fa6b7727\">Reducir acumulaci\u00f3n de calor <\/li>\n<\/ul>\n\n\n\n<div style=\"height:10px\" aria-hidden=\"true\" class=\"wp-block-spacer\"><\/div>\n\n\n\n<h4 class=\"wp-block-heading has-text-align-center has-ast-global-color-8-color has-text-color has-link-color wp-elements-b85b639c699e30ed6f31f44c8c4b477e\" id=\"p-rc_78f9a4d5fe2581f4-296\"><strong>Soluci\u00f3n #3: Uso de sistemas constructivos eficientes <\/strong><\/h4>\n\n\n\n<div style=\"height:20px\" aria-hidden=\"true\" class=\"wp-block-spacer\"><\/div>\n\n\n\n<p class=\"has-text-align-center has-ast-global-color-8-color has-text-color has-link-color has-medium-font-size wp-elements-f122b5c93de2b6437a4ec6bdee1da276\" id=\"p-rc_78f9a4d5fe2581f4-297\">Hoy en d\u00eda existen soluciones que ayudan a mantener temperaturas m\u00e1s estables desde la estructura.<\/p>\n\n\n\n<div style=\"height:10px\" aria-hidden=\"true\" class=\"wp-block-spacer\"><\/div>\n\n\n\n<p class=\"has-text-align-center has-ast-global-color-8-color has-text-color has-link-color has-medium-font-size wp-elements-878262b274ffc9ea536e3b6e2b1d4ba2\" id=\"p-rc_78f9a4d5fe2581f4-297\"> <strong>Beneficios:<\/strong><\/p>\n\n\n\n<div style=\"height:10px\" aria-hidden=\"true\" class=\"wp-block-spacer\"><\/div>\n\n\n\n<ul class=\"wp-block-list\">\n<li class=\"has-ast-global-color-8-color has-text-color has-link-color has-medium-font-size wp-elements-062c1a469f35d0abeb210ed695d70d7f\">Menor acumulaci\u00f3n de calor <\/li>\n\n\n\n<li class=\"has-ast-global-color-8-color has-text-color has-link-color has-medium-font-size wp-elements-597672f5aa034cdbbcb1481559de049d\">Mejor confort para clientes <\/li>\n\n\n\n<li class=\"has-ast-global-color-8-color has-text-color has-link-color has-medium-font-size wp-elements-c7fba42172c70d79fdf3c7cb512ffe84\">Reducci\u00f3n en consumo energ\u00e9tico <\/li>\n<\/ul>\n\n\n\n<div style=\"height:10px\" aria-hidden=\"true\" class=\"wp-block-spacer\"><\/div>\n\n\n\n<h4 class=\"wp-block-heading has-text-align-center has-ast-global-color-8-color has-text-color has-link-color wp-elements-c41c7ee23f97198d559ad5043ab97d45\" id=\"p-rc_78f9a4d5fe2581f4-301\"><strong>Soluci\u00f3n #4: Sellado de espacios <\/strong><\/h4>\n\n\n\n<div style=\"height:20px\" aria-hidden=\"true\" class=\"wp-block-spacer\"><\/div>\n\n\n\n<p class=\"has-text-align-center has-ast-global-color-8-color has-text-color has-link-color has-medium-font-size wp-elements-9782b7183bfd7f91528d77d58c660e63\" id=\"p-rc_78f9a4d5fe2581f4-302\">El calor tambi\u00e9n entra por puertas, ventanas y uniones mal selladas. <\/p>\n\n\n\n<p class=\"has-ast-global-color-8-color has-text-color has-link-color has-medium-font-size wp-elements-6e6f26b78fc4abb0cd2ad4cc6286e4da\" id=\"p-rc_78f9a4d5fe2581f4-302\">\ud83d\udd27 Mejorar estos puntos ayuda a mantener el ambiente m\u00e1s fresco.<\/p>\n\n\n\n<div style=\"height:10px\" aria-hidden=\"true\" class=\"wp-block-spacer\"><\/div>\n\n\n\n<h4 class=\"wp-block-heading has-text-align-center has-ast-global-color-8-color has-text-color has-link-color wp-elements-ae57dbcf6ef2e4da7c3a846704d04acd\" id=\"p-rc_78f9a4d5fe2581f4-303\"><strong>\u00bfQu\u00e9 pasa cuando aplicas estas soluciones? <\/strong><\/h4>\n\n\n\n<div style=\"height:20px\" aria-hidden=\"true\" class=\"wp-block-spacer\"><\/div>\n\n\n\n<p class=\"has-text-align-center has-ast-global-color-8-color has-text-color has-link-color has-medium-font-size wp-elements-187a4228b6318c8b1fae7b561fd06867\"><strong>Los resultados se notan r\u00e1pido:<\/strong><\/p>\n\n\n\n<div style=\"height:10px\" aria-hidden=\"true\" class=\"wp-block-spacer\"><\/div>\n\n\n\n<ul class=\"wp-block-list\">\n<li class=\"has-ast-global-color-8-color has-text-color has-link-color has-medium-font-size wp-elements-5c9241af7cae85b0ff23ee6d2cf66424\">Espacios m\u00e1s frescos <\/li>\n\n\n\n<li class=\"has-ast-global-color-8-color has-text-color has-link-color has-medium-font-size wp-elements-7081ae80bfa0e5992da9b81e15f8749c\">Clientes m\u00e1s c\u00f3modos <\/li>\n\n\n\n<li class=\"has-ast-global-color-8-color has-text-color has-link-color has-medium-font-size wp-elements-933db5038c0bdbc80c252bfd8653e5eb\">Menor consumo de energ\u00eda <\/li>\n\n\n\n<li class=\"has-ast-global-color-8-color has-text-color has-link-color has-medium-font-size wp-elements-f6426c870979bc88951d8188e66634e7\">Mejor experiencia en el negocio <br><br>\ud83d\udc49 Y eso se traduce en m\u00e1s tiempo de permanencia y m\u00e1s ventas.<\/li>\n<\/ul>\n\n\n\n<p class=\"has-ast-global-color-8-color has-text-color has-link-color has-medium-font-size wp-elements-d1441ca3189d8c8c9bd9077545b267e3\" id=\"p-rc_78f9a4d5fe2581f4-308\">Aplicaci\u00f3n en El Salvador <sup><\/sup><\/p>\n\n\n\n<p class=\"has-ast-global-color-8-color has-text-color has-link-color has-medium-font-size wp-elements-4210f2fdfc0eedd2f28a94b74909bfc1\" id=\"p-rc_78f9a4d5fe2581f4-309\">Este problema es muy com\u00fan en restaurantes, cafeter\u00edas y negocios de comida, especialmente en zonas urbanas como San Salvador y San Miguel<sup><\/sup>.<\/p>\n\n\n\n<div style=\"height:10px\" aria-hidden=\"true\" class=\"wp-block-spacer\"><\/div>\n\n\n\n<p class=\"has-text-align-center has-ast-global-color-8-color has-text-color has-link-color has-medium-font-size wp-elements-98ec1c8a66a13cdd29f43208e0b0e37f\" id=\"p-rc_78f9a4d5fe2581f4-310\"><strong>\u00bfD\u00f3nde encontrar soluciones para reducir el calor en tu restaurante? <\/strong><\/p>\n\n\n\n<div style=\"height:20px\" aria-hidden=\"true\" class=\"wp-block-spacer\"><\/div>\n\n\n\n<p class=\"has-ast-global-color-8-color has-text-color has-link-color has-medium-font-size wp-elements-c756a22f3b3da48f726cac51b5ad38bd\" id=\"p-rc_78f9a4d5fe2581f4-311\">En <strong>Promaica<\/strong> puedes encontrar soluciones como aislamiento t\u00e9rmico y sistemas constructivos que ayudan a mantener espacios m\u00e1s frescos y eficientes. <\/p>\n\n\n\n<p class=\"has-ast-global-color-8-color has-text-color has-link-color has-medium-font-size wp-elements-6014be18b7a0489da1747c329006d32e\" id=\"p-rc_78f9a4d5fe2581f4-311\">\ud83d\udccd <strong>San Salvador:<\/strong> Calle Roma y Calle Lorena #170, San Salvador <\/p>\n\n\n\n<p class=\"has-ast-global-color-8-color has-text-color has-link-color has-medium-font-size wp-elements-1947fcd463ed47aad333d2f677680adc\" id=\"p-rc_78f9a4d5fe2581f4-311\">\ud83d\udccd <strong>San Miguel:<\/strong> Carretera Panamericana, 500 metros de Metrocentro, en el ex local Z\u00f3calo, San Miguel<\/p>\n\n\n\n<p class=\"has-ast-global-color-8-color has-text-color has-link-color has-medium-font-size wp-elements-a55f30b8bb66288ffe62ea3520cc7419\" id=\"p-rc_78f9a4d5fe2581f4-311\"> \ud83d\udcde <strong>Tel\u00e9fono:<\/strong> 2515-0030 Nuestro equipo puede asesorarte seg\u00fan tu tipo de negocio.<\/p>\n\n\n\n<p class=\"has-text-align-center has-ast-global-color-8-color has-text-color has-link-color has-medium-font-size wp-elements-e31a24ae94911e88300792c29220acba\" id=\"p-rc_78f9a4d5fe2581f4-312\">Mejora la experiencia sin aumentar tus costos<\/p>\n\n\n\n<div style=\"height:30px\" aria-hidden=\"true\" class=\"wp-block-spacer\"><\/div>\n\n\n\n<div class=\"wp-block-columns is-layout-flex wp-container-core-columns-is-layout-28f84493 wp-block-columns-is-layout-flex\">\n<div class=\"wp-block-column is-layout-flow wp-block-column-is-layout-flow\" style=\"flex-basis:33.33%\">\n<p class=\"has-text-align-center has-ast-global-color-8-color has-text-color has-link-color has-medium-font-size wp-elements-d0ebec6698856fbef89743a6b19a98f5\"><strong>\u00a1Visita nuestra tienda en l\u00ednea!<\/strong><\/p>\n\n\n\n<figure class=\"wp-block-image aligncenter size-full\"><a href=\"https:\/\/shop.equipoypartes.com\/promaica\/inicio\"><img decoding=\"async\" width=\"90\" height=\"90\" src=\"https:\/\/promaica.com\/blog\/wp-content\/uploads\/2026\/04\/icons8-carrito-de-compras-90.png\" alt=\"\" class=\"wp-image-1853\"\/><\/a><\/figure>\n<\/div>\n\n\n\n<div class=\"wp-block-column is-layout-flow wp-block-column-is-layout-flow\" style=\"flex-basis:66.66%\">\n<p class=\"has-ast-global-color-8-color has-text-color has-link-color has-medium-font-size wp-elements-3f1989093a9f7a136e7f525be08f3632\"><strong>S\u00edguenos en nuestras redes sociales<\/strong><\/p>\n\n\n\n<div style=\"height:10px\" aria-hidden=\"true\" class=\"wp-block-spacer\"><\/div>\n\n\n\n<ul class=\"wp-block-social-links has-huge-icon-size is-style-logos-only is-layout-flex wp-block-social-links-is-layout-flex\"><li class=\"wp-social-link wp-social-link-facebook  wp-block-social-link\"><a href=\"https:\/\/www.facebook.com\/GrupoPromaica\" class=\"wp-block-social-link-anchor\"><svg width=\"24\" height=\"24\" viewBox=\"0 0 24 24\" version=\"1.1\" xmlns=\"http:\/\/www.w3.org\/2000\/svg\" aria-hidden=\"true\" focusable=\"false\"><path d=\"M12 2C6.5 2 2 6.5 2 12c0 5 3.7 9.1 8.4 9.9v-7H7.9V12h2.5V9.8c0-2.5 1.5-3.9 3.8-3.9 1.1 0 2.2.2 2.2.2v2.5h-1.3c-1.2 0-1.6.8-1.6 1.6V12h2.8l-.4 2.9h-2.3v7C18.3 21.1 22 17 22 12c0-5.5-4.5-10-10-10z\"><\/path><\/svg><span class=\"wp-block-social-link-label screen-reader-text\">Facebook<\/span><\/a><\/li>\n\n<li class=\"wp-social-link wp-social-link-instagram  wp-block-social-link\"><a href=\"https:\/\/www.instagram.com\/promaica_sv\/\" class=\"wp-block-social-link-anchor\"><svg width=\"24\" height=\"24\" viewBox=\"0 0 24 24\" version=\"1.1\" xmlns=\"http:\/\/www.w3.org\/2000\/svg\" aria-hidden=\"true\" focusable=\"false\"><path d=\"M12,4.622c2.403,0,2.688,0.009,3.637,0.052c0.877,0.04,1.354,0.187,1.671,0.31c0.42,0.163,0.72,0.358,1.035,0.673 c0.315,0.315,0.51,0.615,0.673,1.035c0.123,0.317,0.27,0.794,0.31,1.671c0.043,0.949,0.052,1.234,0.052,3.637 s-0.009,2.688-0.052,3.637c-0.04,0.877-0.187,1.354-0.31,1.671c-0.163,0.42-0.358,0.72-0.673,1.035 c-0.315,0.315-0.615,0.51-1.035,0.673c-0.317,0.123-0.794,0.27-1.671,0.31c-0.949,0.043-1.233,0.052-3.637,0.052 s-2.688-0.009-3.637-0.052c-0.877-0.04-1.354-0.187-1.671-0.31c-0.42-0.163-0.72-0.358-1.035-0.673 c-0.315-0.315-0.51-0.615-0.673-1.035c-0.123-0.317-0.27-0.794-0.31-1.671C4.631,14.688,4.622,14.403,4.622,12 s0.009-2.688,0.052-3.637c0.04-0.877,0.187-1.354,0.31-1.671c0.163-0.42,0.358-0.72,0.673-1.035 c0.315-0.315,0.615-0.51,1.035-0.673c0.317-0.123,0.794-0.27,1.671-0.31C9.312,4.631,9.597,4.622,12,4.622 M12,3 C9.556,3,9.249,3.01,8.289,3.054C7.331,3.098,6.677,3.25,6.105,3.472C5.513,3.702,5.011,4.01,4.511,4.511 c-0.5,0.5-0.808,1.002-1.038,1.594C3.25,6.677,3.098,7.331,3.054,8.289C3.01,9.249,3,9.556,3,12c0,2.444,0.01,2.751,0.054,3.711 c0.044,0.958,0.196,1.612,0.418,2.185c0.23,0.592,0.538,1.094,1.038,1.594c0.5,0.5,1.002,0.808,1.594,1.038 c0.572,0.222,1.227,0.375,2.185,0.418C9.249,20.99,9.556,21,12,21s2.751-0.01,3.711-0.054c0.958-0.044,1.612-0.196,2.185-0.418 c0.592-0.23,1.094-0.538,1.594-1.038c0.5-0.5,0.808-1.002,1.038-1.594c0.222-0.572,0.375-1.227,0.418-2.185 C20.99,14.751,21,14.444,21,12s-0.01-2.751-0.054-3.711c-0.044-0.958-0.196-1.612-0.418-2.185c-0.23-0.592-0.538-1.094-1.038-1.594 c-0.5-0.5-1.002-0.808-1.594-1.038c-0.572-0.222-1.227-0.375-2.185-0.418C14.751,3.01,14.444,3,12,3L12,3z M12,7.378 c-2.552,0-4.622,2.069-4.622,4.622S9.448,16.622,12,16.622s4.622-2.069,4.622-4.622S14.552,7.378,12,7.378z M12,15 c-1.657,0-3-1.343-3-3s1.343-3,3-3s3,1.343,3,3S13.657,15,12,15z M16.804,6.116c-0.596,0-1.08,0.484-1.08,1.08 s0.484,1.08,1.08,1.08c0.596,0,1.08-0.484,1.08-1.08S17.401,6.116,16.804,6.116z\"><\/path><\/svg><span class=\"wp-block-social-link-label screen-reader-text\">Instagram<\/span><\/a><\/li>\n\n<li class=\"wp-social-link wp-social-link-youtube  wp-block-social-link\"><a href=\"https:\/\/www.youtube.com\/@promaica\" class=\"wp-block-social-link-anchor\"><svg width=\"24\" height=\"24\" viewBox=\"0 0 24 24\" version=\"1.1\" xmlns=\"http:\/\/www.w3.org\/2000\/svg\" aria-hidden=\"true\" focusable=\"false\"><path d=\"M21.8,8.001c0,0-0.195-1.378-0.795-1.985c-0.76-0.797-1.613-0.801-2.004-0.847c-2.799-0.202-6.997-0.202-6.997-0.202 h-0.009c0,0-4.198,0-6.997,0.202C4.608,5.216,3.756,5.22,2.995,6.016C2.395,6.623,2.2,8.001,2.2,8.001S2,9.62,2,11.238v1.517 c0,1.618,0.2,3.237,0.2,3.237s0.195,1.378,0.795,1.985c0.761,0.797,1.76,0.771,2.205,0.855c1.6,0.153,6.8,0.201,6.8,0.201 s4.203-0.006,7.001-0.209c0.391-0.047,1.243-0.051,2.004-0.847c0.6-0.607,0.795-1.985,0.795-1.985s0.2-1.618,0.2-3.237v-1.517 C22,9.62,21.8,8.001,21.8,8.001z M9.935,14.594l-0.001-5.62l5.404,2.82L9.935,14.594z\"><\/path><\/svg><span class=\"wp-block-social-link-label screen-reader-text\">YouTube<\/span><\/a><\/li><\/ul>\n<\/div>\n<\/div>\n","protected":false},"excerpt":{"rendered":"<p>Si tienes un restaurante en El Salvador, sabes que el calor puede convertirse en un problema serio. No solo afecta la comodidad de tus clientes, tambi\u00e9n impacta: Muchos negocios intentan resolverlo usando m\u00e1s aire acondicionado\u2026 pero eso no siempre es la mejor soluci\u00f3n. En este blog te explicamos c\u00f3mo mantener tu restaurante fresco sin disparar [&hellip;]<\/p>\n","protected":false},"author":13,"featured_media":0,"comment_status":"open","ping_status":"closed","sticky":false,"template":"","format":"standard","meta":{"site-sidebar-layout":"default","site-content-layout":"","ast-site-content-layout":"default","site-content-style":"default","site-sidebar-style":"default","ast-global-header-display":"","ast-banner-title-visibility":"","ast-main-header-display":"","ast-hfb-above-header-display":"","ast-hfb-below-header-display":"","ast-hfb-mobile-header-display":"","site-post-title":"","ast-breadcrumbs-content":"","ast-featured-img":"","footer-sml-layout":"","ast-disable-related-posts":"","theme-transparent-header-meta":"","adv-header-id-meta":"","stick-header-meta":"","header-above-stick-meta":"","header-main-stick-meta":"","header-below-stick-meta":"","astra-migrate-meta-layouts":"set","ast-page-background-enabled":"default","ast-page-background-meta":{"desktop":{"background-color":"var(--ast-global-color-4)","background-image":"","background-repeat":"repeat","background-position":"center center","background-size":"auto","background-attachment":"scroll","background-type":"","background-media":"","overlay-type":"","overlay-color":"","overlay-opacity":"","overlay-gradient":""},"tablet":{"background-color":"","background-image":"","background-repeat":"repeat","background-position":"center center","background-size":"auto","background-attachment":"scroll","background-type":"","background-media":"","overlay-type":"","overlay-color":"","overlay-opacity":"","overlay-gradient":""},"mobile":{"background-color":"","background-image":"","background-repeat":"repeat","background-position":"center center","background-size":"auto","background-attachment":"scroll","background-type":"","background-media":"","overlay-type":"","overlay-color":"","overlay-opacity":"","overlay-gradient":""}},"ast-content-background-meta":{"desktop":{"background-color":"var(--ast-global-color-5)","background-image":"","background-repeat":"repeat","background-position":"center center","background-size":"auto","background-attachment":"scroll","background-type":"","background-media":"","overlay-type":"","overlay-color":"","overlay-opacity":"","overlay-gradient":""},"tablet":{"background-color":"var(--ast-global-color-5)","background-image":"","background-repeat":"repeat","background-position":"center center","background-size":"auto","background-attachment":"scroll","background-type":"","background-media":"","overlay-type":"","overlay-color":"","overlay-opacity":"","overlay-gradient":""},"mobile":{"background-color":"var(--ast-global-color-5)","background-image":"","background-repeat":"repeat","background-position":"center center","background-size":"auto","background-attachment":"scroll","background-type":"","background-media":"","overlay-type":"","overlay-color":"","overlay-opacity":"","overlay-gradient":""}},"footnotes":""},"categories":[1],"tags":[237,255,252,161,260,238,248,256],"class_list":["post-1970","post","type-post","status-publish","format-standard","hentry","category-general","tag-aislamientotermico-3","tag-cocinasindustriales","tag-construccioninteligente","tag-eficienciaenergetica-3","tag-negociossv","tag-promaica-2","tag-reducirelcalor","tag-restaurantessv"],"yoast_head":"<!-- This site is optimized with the Yoast SEO plugin v27.4 - https:\/\/yoast.com\/product\/yoast-seo-wordpress\/ -->\n<title>C\u00f3mo mantener fresco un restaurante en El Salvador<\/title>\n<meta name=\"description\" content=\"Si tienes un restaurante en El Salvador, sabes que el calor puede convertirse en un problema serio. No solo afecta la comodidad.\" \/>\n<meta name=\"robots\" content=\"index, follow, max-snippet:-1, max-image-preview:large, max-video-preview:-1\" \/>\n<link rel=\"canonical\" href=\"https:\/\/promaica.com\/blog\/como-mantener-fresco-un-restaurante-en-el-salvador-sin-gastar-de-mas-en-aire-acondicionado\/\" \/>\n<meta property=\"og:locale\" content=\"es_ES\" \/>\n<meta property=\"og:type\" content=\"article\" \/>\n<meta property=\"og:title\" content=\"C\u00f3mo mantener fresco un restaurante en El Salvador\" \/>\n<meta property=\"og:description\" content=\"Si tienes un restaurante en El Salvador, sabes que el calor puede convertirse en un problema serio. No solo afecta la comodidad.\" \/>\n<meta property=\"og:url\" content=\"https:\/\/promaica.com\/blog\/como-mantener-fresco-un-restaurante-en-el-salvador-sin-gastar-de-mas-en-aire-acondicionado\/\" \/>\n<meta property=\"og:site_name\" content=\"Blog de Aislamiento y refrigeraci\u00f3n industrial\" \/>\n<meta property=\"article:published_time\" content=\"2026-04-30T22:30:00+00:00\" \/>\n<meta property=\"og:image\" content=\"https:\/\/promaica.com\/blog\/wp-content\/uploads\/2026\/04\/instalacion-fibra-de-vidrio-en-techo-residencial.jpg\" \/>\n\t<meta property=\"og:image:width\" content=\"1920\" \/>\n\t<meta property=\"og:image:height\" content=\"1080\" \/>\n\t<meta property=\"og:image:type\" content=\"image\/jpeg\" \/>\n<meta name=\"author\" content=\"Morales\" \/>\n<meta name=\"twitter:card\" content=\"summary_large_image\" \/>\n<meta name=\"twitter:label1\" content=\"Escrito por\" \/>\n\t<meta name=\"twitter:data1\" content=\"Morales\" \/>\n\t<meta name=\"twitter:label2\" content=\"Tiempo de lectura\" \/>\n\t<meta name=\"twitter:data2\" content=\"3 minutos\" \/>\n<script type=\"application\/ld+json\" class=\"yoast-schema-graph\">{\"@context\":\"https:\\\/\\\/schema.org\",\"@graph\":[{\"@type\":\"Article\",\"@id\":\"https:\\\/\\\/promaica.com\\\/blog\\\/como-mantener-fresco-un-restaurante-en-el-salvador-sin-gastar-de-mas-en-aire-acondicionado\\\/#article\",\"isPartOf\":{\"@id\":\"https:\\\/\\\/promaica.com\\\/blog\\\/como-mantener-fresco-un-restaurante-en-el-salvador-sin-gastar-de-mas-en-aire-acondicionado\\\/\"},\"author\":{\"name\":\"Morales\",\"@id\":\"https:\\\/\\\/promaica.com\\\/blog\\\/#\\\/schema\\\/person\\\/cbe9040be67a3ea2962352f1594d2897\"},\"headline\":\"C\u00f3mo mantener fresco un restaurante en El Salvador sin gastar de m\u00e1s en aire acondicionado\u00a0\u00a0\",\"datePublished\":\"2026-04-30T22:30:00+00:00\",\"mainEntityOfPage\":{\"@id\":\"https:\\\/\\\/promaica.com\\\/blog\\\/como-mantener-fresco-un-restaurante-en-el-salvador-sin-gastar-de-mas-en-aire-acondicionado\\\/\"},\"wordCount\":524,\"commentCount\":0,\"publisher\":{\"@id\":\"https:\\\/\\\/promaica.com\\\/blog\\\/#organization\"},\"image\":{\"@id\":\"https:\\\/\\\/promaica.com\\\/blog\\\/como-mantener-fresco-un-restaurante-en-el-salvador-sin-gastar-de-mas-en-aire-acondicionado\\\/#primaryimage\"},\"thumbnailUrl\":\"https:\\\/\\\/promaica.com\\\/blog\\\/wp-content\\\/uploads\\\/2026\\\/04\\\/icons8-carrito-de-compras-90.png\",\"keywords\":[\"#AislamientoTermico\",\"#CocinasIndustriales\",\"#ConstruccionInteligente\",\"#eficienciaenergetica\",\"#NegociosSV\",\"#Promaica\",\"#ReducirElCalor\",\"#RestaurantesSV\"],\"articleSection\":[\"General\"],\"inLanguage\":\"es\",\"potentialAction\":[{\"@type\":\"CommentAction\",\"name\":\"Comment\",\"target\":[\"https:\\\/\\\/promaica.com\\\/blog\\\/como-mantener-fresco-un-restaurante-en-el-salvador-sin-gastar-de-mas-en-aire-acondicionado\\\/#respond\"]}]},{\"@type\":\"WebPage\",\"@id\":\"https:\\\/\\\/promaica.com\\\/blog\\\/como-mantener-fresco-un-restaurante-en-el-salvador-sin-gastar-de-mas-en-aire-acondicionado\\\/\",\"url\":\"https:\\\/\\\/promaica.com\\\/blog\\\/como-mantener-fresco-un-restaurante-en-el-salvador-sin-gastar-de-mas-en-aire-acondicionado\\\/\",\"name\":\"C\u00f3mo mantener fresco un restaurante en El Salvador\",\"isPartOf\":{\"@id\":\"https:\\\/\\\/promaica.com\\\/blog\\\/#website\"},\"primaryImageOfPage\":{\"@id\":\"https:\\\/\\\/promaica.com\\\/blog\\\/como-mantener-fresco-un-restaurante-en-el-salvador-sin-gastar-de-mas-en-aire-acondicionado\\\/#primaryimage\"},\"image\":{\"@id\":\"https:\\\/\\\/promaica.com\\\/blog\\\/como-mantener-fresco-un-restaurante-en-el-salvador-sin-gastar-de-mas-en-aire-acondicionado\\\/#primaryimage\"},\"thumbnailUrl\":\"https:\\\/\\\/promaica.com\\\/blog\\\/wp-content\\\/uploads\\\/2026\\\/04\\\/icons8-carrito-de-compras-90.png\",\"datePublished\":\"2026-04-30T22:30:00+00:00\",\"description\":\"Si tienes un restaurante en El Salvador, sabes que el calor puede convertirse en un problema serio. No solo afecta la comodidad.\",\"breadcrumb\":{\"@id\":\"https:\\\/\\\/promaica.com\\\/blog\\\/como-mantener-fresco-un-restaurante-en-el-salvador-sin-gastar-de-mas-en-aire-acondicionado\\\/#breadcrumb\"},\"inLanguage\":\"es\",\"potentialAction\":[{\"@type\":\"ReadAction\",\"target\":[\"https:\\\/\\\/promaica.com\\\/blog\\\/como-mantener-fresco-un-restaurante-en-el-salvador-sin-gastar-de-mas-en-aire-acondicionado\\\/\"]}]},{\"@type\":\"ImageObject\",\"inLanguage\":\"es\",\"@id\":\"https:\\\/\\\/promaica.com\\\/blog\\\/como-mantener-fresco-un-restaurante-en-el-salvador-sin-gastar-de-mas-en-aire-acondicionado\\\/#primaryimage\",\"url\":\"https:\\\/\\\/promaica.com\\\/blog\\\/wp-content\\\/uploads\\\/2026\\\/04\\\/icons8-carrito-de-compras-90.png\",\"contentUrl\":\"https:\\\/\\\/promaica.com\\\/blog\\\/wp-content\\\/uploads\\\/2026\\\/04\\\/icons8-carrito-de-compras-90.png\",\"width\":90,\"height\":90},{\"@type\":\"BreadcrumbList\",\"@id\":\"https:\\\/\\\/promaica.com\\\/blog\\\/como-mantener-fresco-un-restaurante-en-el-salvador-sin-gastar-de-mas-en-aire-acondicionado\\\/#breadcrumb\",\"itemListElement\":[{\"@type\":\"ListItem\",\"position\":1,\"name\":\"Portada\",\"item\":\"https:\\\/\\\/promaica.com\\\/blog\\\/\"},{\"@type\":\"ListItem\",\"position\":2,\"name\":\"C\u00f3mo mantener fresco un restaurante en El Salvador sin gastar de m\u00e1s en aire acondicionado\u00a0\u00a0\"}]},{\"@type\":\"WebSite\",\"@id\":\"https:\\\/\\\/promaica.com\\\/blog\\\/#website\",\"url\":\"https:\\\/\\\/promaica.com\\\/blog\\\/\",\"name\":\"Blog de Aislamiento y refrigeraci\u00f3n industrial\",\"description\":\"PROMAICA\",\"publisher\":{\"@id\":\"https:\\\/\\\/promaica.com\\\/blog\\\/#organization\"},\"potentialAction\":[{\"@type\":\"SearchAction\",\"target\":{\"@type\":\"EntryPoint\",\"urlTemplate\":\"https:\\\/\\\/promaica.com\\\/blog\\\/?s={search_term_string}\"},\"query-input\":{\"@type\":\"PropertyValueSpecification\",\"valueRequired\":true,\"valueName\":\"search_term_string\"}}],\"inLanguage\":\"es\"},{\"@type\":\"Organization\",\"@id\":\"https:\\\/\\\/promaica.com\\\/blog\\\/#organization\",\"name\":\"Blog de Aislamiento y refrigeraci\u00f3n industrial\",\"url\":\"https:\\\/\\\/promaica.com\\\/blog\\\/\",\"logo\":{\"@type\":\"ImageObject\",\"inLanguage\":\"es\",\"@id\":\"https:\\\/\\\/promaica.com\\\/blog\\\/#\\\/schema\\\/logo\\\/image\\\/\",\"url\":\"https:\\\/\\\/promaica.com\\\/blog\\\/wp-content\\\/uploads\\\/2021\\\/11\\\/logo-promaica-blanco.png\",\"contentUrl\":\"https:\\\/\\\/promaica.com\\\/blog\\\/wp-content\\\/uploads\\\/2021\\\/11\\\/logo-promaica-blanco.png\",\"width\":138,\"height\":40,\"caption\":\"Blog de Aislamiento y refrigeraci\u00f3n industrial\"},\"image\":{\"@id\":\"https:\\\/\\\/promaica.com\\\/blog\\\/#\\\/schema\\\/logo\\\/image\\\/\"}},{\"@type\":\"Person\",\"@id\":\"https:\\\/\\\/promaica.com\\\/blog\\\/#\\\/schema\\\/person\\\/cbe9040be67a3ea2962352f1594d2897\",\"name\":\"Morales\",\"image\":{\"@type\":\"ImageObject\",\"inLanguage\":\"es\",\"@id\":\"https:\\\/\\\/secure.gravatar.com\\\/avatar\\\/cbff1af3650cf901924b80ea245a89fc4347f631779f12c56a34dd2effbc98e4?s=96&d=mm&r=g\",\"url\":\"https:\\\/\\\/secure.gravatar.com\\\/avatar\\\/cbff1af3650cf901924b80ea245a89fc4347f631779f12c56a34dd2effbc98e4?s=96&d=mm&r=g\",\"contentUrl\":\"https:\\\/\\\/secure.gravatar.com\\\/avatar\\\/cbff1af3650cf901924b80ea245a89fc4347f631779f12c56a34dd2effbc98e4?s=96&d=mm&r=g\",\"caption\":\"Morales\"},\"url\":\"https:\\\/\\\/promaica.com\\\/blog\\\/author\\\/gabrielamorales\\\/\"}]}<\/script>\n<!-- \/ Yoast SEO plugin. -->","yoast_head_json":{"title":"C\u00f3mo mantener fresco un restaurante en El Salvador","description":"Si tienes un restaurante en El Salvador, sabes que el calor puede convertirse en un problema serio. No solo afecta la comodidad.","robots":{"index":"index","follow":"follow","max-snippet":"max-snippet:-1","max-image-preview":"max-image-preview:large","max-video-preview":"max-video-preview:-1"},"canonical":"https:\/\/promaica.com\/blog\/como-mantener-fresco-un-restaurante-en-el-salvador-sin-gastar-de-mas-en-aire-acondicionado\/","og_locale":"es_ES","og_type":"article","og_title":"C\u00f3mo mantener fresco un restaurante en El Salvador","og_description":"Si tienes un restaurante en El Salvador, sabes que el calor puede convertirse en un problema serio. No solo afecta la comodidad.","og_url":"https:\/\/promaica.com\/blog\/como-mantener-fresco-un-restaurante-en-el-salvador-sin-gastar-de-mas-en-aire-acondicionado\/","og_site_name":"Blog de Aislamiento y refrigeraci\u00f3n industrial","article_published_time":"2026-04-30T22:30:00+00:00","og_image":[{"width":1920,"height":1080,"url":"https:\/\/promaica.com\/blog\/wp-content\/uploads\/2026\/04\/instalacion-fibra-de-vidrio-en-techo-residencial.jpg","type":"image\/jpeg"}],"author":"Morales","twitter_card":"summary_large_image","twitter_misc":{"Escrito por":"Morales","Tiempo de lectura":"3 minutos"},"schema":{"@context":"https:\/\/schema.org","@graph":[{"@type":"Article","@id":"https:\/\/promaica.com\/blog\/como-mantener-fresco-un-restaurante-en-el-salvador-sin-gastar-de-mas-en-aire-acondicionado\/#article","isPartOf":{"@id":"https:\/\/promaica.com\/blog\/como-mantener-fresco-un-restaurante-en-el-salvador-sin-gastar-de-mas-en-aire-acondicionado\/"},"author":{"name":"Morales","@id":"https:\/\/promaica.com\/blog\/#\/schema\/person\/cbe9040be67a3ea2962352f1594d2897"},"headline":"C\u00f3mo mantener fresco un restaurante en El Salvador sin gastar de m\u00e1s en aire acondicionado\u00a0\u00a0","datePublished":"2026-04-30T22:30:00+00:00","mainEntityOfPage":{"@id":"https:\/\/promaica.com\/blog\/como-mantener-fresco-un-restaurante-en-el-salvador-sin-gastar-de-mas-en-aire-acondicionado\/"},"wordCount":524,"commentCount":0,"publisher":{"@id":"https:\/\/promaica.com\/blog\/#organization"},"image":{"@id":"https:\/\/promaica.com\/blog\/como-mantener-fresco-un-restaurante-en-el-salvador-sin-gastar-de-mas-en-aire-acondicionado\/#primaryimage"},"thumbnailUrl":"https:\/\/promaica.com\/blog\/wp-content\/uploads\/2026\/04\/icons8-carrito-de-compras-90.png","keywords":["#AislamientoTermico","#CocinasIndustriales","#ConstruccionInteligente","#eficienciaenergetica","#NegociosSV","#Promaica","#ReducirElCalor","#RestaurantesSV"],"articleSection":["General"],"inLanguage":"es","potentialAction":[{"@type":"CommentAction","name":"Comment","target":["https:\/\/promaica.com\/blog\/como-mantener-fresco-un-restaurante-en-el-salvador-sin-gastar-de-mas-en-aire-acondicionado\/#respond"]}]},{"@type":"WebPage","@id":"https:\/\/promaica.com\/blog\/como-mantener-fresco-un-restaurante-en-el-salvador-sin-gastar-de-mas-en-aire-acondicionado\/","url":"https:\/\/promaica.com\/blog\/como-mantener-fresco-un-restaurante-en-el-salvador-sin-gastar-de-mas-en-aire-acondicionado\/","name":"C\u00f3mo mantener fresco un restaurante en El Salvador","isPartOf":{"@id":"https:\/\/promaica.com\/blog\/#website"},"primaryImageOfPage":{"@id":"https:\/\/promaica.com\/blog\/como-mantener-fresco-un-restaurante-en-el-salvador-sin-gastar-de-mas-en-aire-acondicionado\/#primaryimage"},"image":{"@id":"https:\/\/promaica.com\/blog\/como-mantener-fresco-un-restaurante-en-el-salvador-sin-gastar-de-mas-en-aire-acondicionado\/#primaryimage"},"thumbnailUrl":"https:\/\/promaica.com\/blog\/wp-content\/uploads\/2026\/04\/icons8-carrito-de-compras-90.png","datePublished":"2026-04-30T22:30:00+00:00","description":"Si tienes un restaurante en El Salvador, sabes que el calor puede convertirse en un problema serio. No solo afecta la comodidad.","breadcrumb":{"@id":"https:\/\/promaica.com\/blog\/como-mantener-fresco-un-restaurante-en-el-salvador-sin-gastar-de-mas-en-aire-acondicionado\/#breadcrumb"},"inLanguage":"es","potentialAction":[{"@type":"ReadAction","target":["https:\/\/promaica.com\/blog\/como-mantener-fresco-un-restaurante-en-el-salvador-sin-gastar-de-mas-en-aire-acondicionado\/"]}]},{"@type":"ImageObject","inLanguage":"es","@id":"https:\/\/promaica.com\/blog\/como-mantener-fresco-un-restaurante-en-el-salvador-sin-gastar-de-mas-en-aire-acondicionado\/#primaryimage","url":"https:\/\/promaica.com\/blog\/wp-content\/uploads\/2026\/04\/icons8-carrito-de-compras-90.png","contentUrl":"https:\/\/promaica.com\/blog\/wp-content\/uploads\/2026\/04\/icons8-carrito-de-compras-90.png","width":90,"height":90},{"@type":"BreadcrumbList","@id":"https:\/\/promaica.com\/blog\/como-mantener-fresco-un-restaurante-en-el-salvador-sin-gastar-de-mas-en-aire-acondicionado\/#breadcrumb","itemListElement":[{"@type":"ListItem","position":1,"name":"Portada","item":"https:\/\/promaica.com\/blog\/"},{"@type":"ListItem","position":2,"name":"C\u00f3mo mantener fresco un restaurante en El Salvador sin gastar de m\u00e1s en aire acondicionado\u00a0\u00a0"}]},{"@type":"WebSite","@id":"https:\/\/promaica.com\/blog\/#website","url":"https:\/\/promaica.com\/blog\/","name":"Blog de Aislamiento y refrigeraci\u00f3n industrial","description":"PROMAICA","publisher":{"@id":"https:\/\/promaica.com\/blog\/#organization"},"potentialAction":[{"@type":"SearchAction","target":{"@type":"EntryPoint","urlTemplate":"https:\/\/promaica.com\/blog\/?s={search_term_string}"},"query-input":{"@type":"PropertyValueSpecification","valueRequired":true,"valueName":"search_term_string"}}],"inLanguage":"es"},{"@type":"Organization","@id":"https:\/\/promaica.com\/blog\/#organization","name":"Blog de Aislamiento y refrigeraci\u00f3n industrial","url":"https:\/\/promaica.com\/blog\/","logo":{"@type":"ImageObject","inLanguage":"es","@id":"https:\/\/promaica.com\/blog\/#\/schema\/logo\/image\/","url":"https:\/\/promaica.com\/blog\/wp-content\/uploads\/2021\/11\/logo-promaica-blanco.png","contentUrl":"https:\/\/promaica.com\/blog\/wp-content\/uploads\/2021\/11\/logo-promaica-blanco.png","width":138,"height":40,"caption":"Blog de Aislamiento y refrigeraci\u00f3n industrial"},"image":{"@id":"https:\/\/promaica.com\/blog\/#\/schema\/logo\/image\/"}},{"@type":"Person","@id":"https:\/\/promaica.com\/blog\/#\/schema\/person\/cbe9040be67a3ea2962352f1594d2897","name":"Morales","image":{"@type":"ImageObject","inLanguage":"es","@id":"https:\/\/secure.gravatar.com\/avatar\/cbff1af3650cf901924b80ea245a89fc4347f631779f12c56a34dd2effbc98e4?s=96&d=mm&r=g","url":"https:\/\/secure.gravatar.com\/avatar\/cbff1af3650cf901924b80ea245a89fc4347f631779f12c56a34dd2effbc98e4?s=96&d=mm&r=g","contentUrl":"https:\/\/secure.gravatar.com\/avatar\/cbff1af3650cf901924b80ea245a89fc4347f631779f12c56a34dd2effbc98e4?s=96&d=mm&r=g","caption":"Morales"},"url":"https:\/\/promaica.com\/blog\/author\/gabrielamorales\/"}]}},"_links":{"self":[{"href":"https:\/\/promaica.com\/blog\/wp-json\/wp\/v2\/posts\/1970","targetHints":{"allow":["GET"]}}],"collection":[{"href":"https:\/\/promaica.com\/blog\/wp-json\/wp\/v2\/posts"}],"about":[{"href":"https:\/\/promaica.com\/blog\/wp-json\/wp\/v2\/types\/post"}],"author":[{"embeddable":true,"href":"https:\/\/promaica.com\/blog\/wp-json\/wp\/v2\/users\/13"}],"replies":[{"embeddable":true,"href":"https:\/\/promaica.com\/blog\/wp-json\/wp\/v2\/comments?post=1970"}],"version-history":[{"count":5,"href":"https:\/\/promaica.com\/blog\/wp-json\/wp\/v2\/posts\/1970\/revisions"}],"predecessor-version":[{"id":1975,"href":"https:\/\/promaica.com\/blog\/wp-json\/wp\/v2\/posts\/1970\/revisions\/1975"}],"wp:attachment":[{"href":"https:\/\/promaica.com\/blog\/wp-json\/wp\/v2\/media?parent=1970"}],"wp:term":[{"taxonomy":"category","embeddable":true,"href":"https:\/\/promaica.com\/blog\/wp-json\/wp\/v2\/categories?post=1970"},{"taxonomy":"post_tag","embeddable":true,"href":"https:\/\/promaica.com\/blog\/wp-json\/wp\/v2\/tags?post=1970"}],"curies":[{"name":"wp","href":"https:\/\/api.w.org\/{rel}","templated":true}]}}