{"id":1944,"date":"2026-04-24T16:30:00","date_gmt":"2026-04-24T22:30:00","guid":{"rendered":"https:\/\/promaica.com\/blog\/?p=1944"},"modified":"2026-04-23T15:04:06","modified_gmt":"2026-04-23T21:04:06","slug":"como-reducir-el-calor-en-techos-de-lamina-en-el-salvador-soluciones-que-si-funcionan","status":"publish","type":"post","link":"https:\/\/promaica.com\/blog\/como-reducir-el-calor-en-techos-de-lamina-en-el-salvador-soluciones-que-si-funcionan\/","title":{"rendered":"C\u00f3mo reducir el calor en techos de l\u00e1mina en El Salvador (soluciones que s\u00ed funcionan)\u00a0\u00a0"},"content":{"rendered":"\n<p class=\"has-ast-global-color-8-color has-text-color has-link-color has-medium-font-size wp-elements-b77ceab6b1fa69130e9b5f46d1aabd1d\">Si tienes una casa, negocio o bodega con techo de l\u00e1mina en El Salvador, seguramente ya sabes lo que pasa: durante el d\u00eda, el calor se vuelve casi insoportable.<\/p>\n\n\n\n<p class=\"has-ast-global-color-8-color has-text-color has-link-color has-medium-font-size wp-elements-dbd08c34a6de9d59e96abf7678e6e08b\">Esto no es casualidad. La l\u00e1mina es uno de los materiales que <strong>m\u00e1s calor absorbe y transmite al interior<\/strong>, convirtiendo el espacio en un horno.<\/p>\n\n\n\n<p class=\"has-ast-global-color-8-color has-text-color has-link-color has-medium-font-size wp-elements-f100038a42c17357ec42bdfffe3437c2\">La buena noticia es que s\u00ed hay soluciones. En este blog te explicamos <strong>c\u00f3mo reducir el calor en techos de l\u00e1mina<\/strong> de forma efectiva.<\/p>\n\n\n\n<h4 class=\"wp-block-heading has-text-align-center has-ast-global-color-8-color has-text-color has-link-color wp-elements-0ce0e45a99860195358aa5bd6c30b89a\"><strong>\u00bfPor qu\u00e9 los techos de l\u00e1mina generan tanto calor?<\/strong>&nbsp;&nbsp;<\/h4>\n\n\n\n<div style=\"height:20px\" aria-hidden=\"true\" class=\"wp-block-spacer\"><\/div>\n\n\n\n<p class=\"has-ast-global-color-8-color has-text-color has-link-color has-medium-font-size wp-elements-8d8cbc98f0dc01d8dd28f7f0f3514e22\">La l\u00e1mina met\u00e1lica tiene una caracter\u00edstica clave:<\/p>\n\n\n\n<p class=\"has-ast-global-color-8-color has-text-color has-link-color has-medium-font-size wp-elements-5f03b4f845509f95ddcbbcf80de9351a\">\ud83d\udc49 <strong>absorbe r\u00e1pidamente el calor del sol y lo transmite hacia el interior<\/strong><\/p>\n\n\n\n<p class=\"has-text-align-center has-ast-global-color-8-color has-text-color has-link-color has-medium-font-size wp-elements-63b5da4bc1ac28ce9ec1228a2021a68e\">Esto provoca:<\/p>\n\n\n\n<div style=\"height:10px\" aria-hidden=\"true\" class=\"wp-block-spacer\"><\/div>\n\n\n\n<ul class=\"wp-block-list\">\n<li class=\"has-ast-global-color-8-color has-text-color has-link-color has-medium-font-size wp-elements-0517823a8098392fa512dfa443e7b4d9\">Aumento r\u00e1pido de temperatura<\/li>\n\n\n\n<li class=\"has-ast-global-color-8-color has-text-color has-link-color has-medium-font-size wp-elements-a02ea66e7da9478a355ddd49c8db79ab\">Ambientes inc\u00f3modos<\/li>\n\n\n\n<li class=\"has-ast-global-color-8-color has-text-color has-link-color has-medium-font-size wp-elements-11afbc95c5cd46993649ed8cd5ed6f32\">Mayor uso de ventiladores o aire acondicionado<\/li>\n<\/ul>\n\n\n\n<p class=\"has-ast-global-color-8-color has-text-color has-link-color has-medium-font-size wp-elements-4ce6970b260fa9e4f9f896ea4123f967\">Y mientras m\u00e1s directa sea la exposici\u00f3n al sol, peor ser\u00e1 el problema.<\/p>\n\n\n\n<h4 class=\"wp-block-heading has-text-align-center has-ast-global-color-8-color has-text-color has-link-color wp-elements-c58db28c5c1d5249b4d95b5abca8365d\"><strong>Error com\u00fan: creer que solo con cielo falso se soluciona<\/strong>&nbsp;&nbsp;<\/h4>\n\n\n\n<div style=\"height:20px\" aria-hidden=\"true\" class=\"wp-block-spacer\"><\/div>\n\n\n\n<p class=\"has-ast-global-color-8-color has-text-color has-link-color has-medium-font-size wp-elements-6a9f2036046dbc44c5df4989a604d399\">Muchas personas instalan cielo falso pensando que eso reducir\u00e1 el calor.<\/p>\n\n\n\n<p class=\"has-text-align-center has-ast-global-color-8-color has-text-color has-link-color has-medium-font-size wp-elements-c83475988f0a04c8ef0b832eb492a347\">Pero en la mayor\u00eda de casos:<\/p>\n\n\n\n<div style=\"height:10px\" aria-hidden=\"true\" class=\"wp-block-spacer\"><\/div>\n\n\n\n<ul class=\"wp-block-list\">\n<li class=\"has-ast-global-color-8-color has-text-color has-link-color has-medium-font-size wp-elements-3ca787846d8215dbca439adaaab345b6\">El calor sigue entrando<\/li>\n\n\n\n<li class=\"has-ast-global-color-8-color has-text-color has-link-color has-medium-font-size wp-elements-260aa9d054114a40bc80d15ee3877caf\">Se queda atrapado entre la l\u00e1mina y el cielo falso<\/li>\n\n\n\n<li class=\"has-ast-global-color-8-color has-text-color has-link-color has-medium-font-size wp-elements-679ac9957f6f1ae930a9a9d8ee204bc2\">La temperatura interior sigue siendo alta<\/li>\n<\/ul>\n\n\n\n<p class=\"has-ast-global-color-8-color has-text-color has-link-color has-medium-font-size wp-elements-7f832429e06ad4856a7734a45a05bfc6\">\ud83d\udc49 El cielo falso <strong>no es un aislante t\u00e9rmico<\/strong>, solo es un acabado.<\/p>\n\n\n\n<p class=\"has-text-align-center has-ast-global-color-8-color has-text-color has-link-color has-medium-font-size wp-elements-5603e572c49a1c28f85ee98d19099d07\"><strong>Soluci\u00f3n #1: Aislamiento t\u00e9rmico debajo de la l\u00e1mina<\/strong>&nbsp;&nbsp;<\/p>\n\n\n\n<div style=\"height:15px\" aria-hidden=\"true\" class=\"wp-block-spacer\"><\/div>\n\n\n\n<p class=\"has-ast-global-color-8-color has-text-color has-link-color has-medium-font-size wp-elements-bb055d3b4d067454c943477a45f2adf8\">La forma m\u00e1s efectiva de reducir el calor es <strong>bloquearlo antes de que entre<\/strong>.<\/p>\n\n\n\n<p class=\"has-ast-global-color-8-color has-text-color has-link-color has-medium-font-size wp-elements-6bc420b6d95209f4452d140dadb2249b\">Esto se logra instalando aislamiento t\u00e9rmico entre la l\u00e1mina y el interior.<\/p>\n\n\n\n<p class=\"has-text-align-center has-ast-global-color-8-color has-text-color has-link-color has-medium-font-size wp-elements-631db8dd58fa319c5c67ed559e21d2d7\">Beneficios:<\/p>\n\n\n\n<div style=\"height:5px\" aria-hidden=\"true\" class=\"wp-block-spacer\"><\/div>\n\n\n\n<ul class=\"wp-block-list\">\n<li class=\"has-ast-global-color-8-color has-text-color has-link-color has-medium-font-size wp-elements-17afd18b45edda89441ba6aa189c0560\">Reduce significativamente la temperatura<\/li>\n\n\n\n<li class=\"has-ast-global-color-8-color has-text-color has-link-color has-medium-font-size wp-elements-cb9f612309ffb57f3a753576969d290a\">Mejora el confort<\/li>\n\n\n\n<li class=\"has-ast-global-color-8-color has-text-color has-link-color has-medium-font-size wp-elements-e2f4111ec2b489bf393eb5b405a3699c\">Disminuye el uso de energ\u00eda<\/li>\n<\/ul>\n\n\n\n<p class=\"has-text-align-center has-ast-global-color-8-color has-text-color has-link-color has-medium-font-size wp-elements-d017fd7a4ecb8edd0cf4657060d267d6\"><strong>Soluci\u00f3n #2: Uso de paneles aislantes<\/strong>&nbsp;&nbsp;<\/p>\n\n\n\n<div style=\"height:15px\" aria-hidden=\"true\" class=\"wp-block-spacer\"><\/div>\n\n\n\n<p class=\"has-ast-global-color-8-color has-text-color has-link-color has-medium-font-size wp-elements-7579888de2fd856384ae2f94b9a25b84\">Otra opci\u00f3n m\u00e1s completa es utilizar paneles que ya integran aislamiento.<\/p>\n\n\n\n<div style=\"height:5px\" aria-hidden=\"true\" class=\"wp-block-spacer\"><\/div>\n\n\n\n<p class=\"has-text-align-center has-ast-global-color-8-color has-text-color has-link-color has-medium-font-size wp-elements-d7f1bcdd6c238b88c57555b5dd5d7b8d\">Estos:<\/p>\n\n\n\n<ul class=\"wp-block-list\">\n<li class=\"has-ast-global-color-8-color has-text-color has-link-color has-medium-font-size wp-elements-7266aa393da588f3a7affe6326c7e3a2\">Reducen la transferencia de calor<\/li>\n\n\n\n<li class=\"has-ast-global-color-8-color has-text-color has-link-color has-medium-font-size wp-elements-0c2ec58bbd9ef2efe5beb05f155ace6d\">Mantienen el interior m\u00e1s fresco<\/li>\n\n\n\n<li class=\"has-ast-global-color-8-color has-text-color has-link-color has-medium-font-size wp-elements-1c5cb33a3fb10d4c69d3a51c87b9f87d\">Funcionan como techo y aislante al mismo tiempo<\/li>\n<\/ul>\n\n\n\n<p class=\"has-ast-global-color-8-color has-text-color has-link-color has-medium-font-size wp-elements-c6005f655c47fb0f3dcc6ff711c6a77c\">Son muy utilizados en bodegas, negocios y construcciones modernas.<\/p>\n\n\n\n<p class=\"has-text-align-center has-ast-global-color-8-color has-text-color has-link-color has-medium-font-size wp-elements-407d2aa3bfc215dd68df11d8718c22f8\"><strong>Soluci\u00f3n #3: Ventilaci\u00f3n adecuada<\/strong>&nbsp;&nbsp;<\/p>\n\n\n\n<div style=\"height:15px\" aria-hidden=\"true\" class=\"wp-block-spacer\"><\/div>\n\n\n\n<p class=\"has-text-align-center has-ast-global-color-8-color has-text-color has-link-color has-medium-font-size wp-elements-aaf9442f5e8faa6aa296772ddffa6e6f\">Aunque no sustituye el aislamiento, ayuda a:<\/p>\n\n\n\n<div style=\"height:5px\" aria-hidden=\"true\" class=\"wp-block-spacer\"><\/div>\n\n\n\n<ul class=\"wp-block-list\">\n<li class=\"has-ast-global-color-8-color has-text-color has-link-color has-medium-font-size wp-elements-1ff56e778d1cf4f83a779de08e4e8c38\">Reducir acumulaci\u00f3n de calor<\/li>\n\n\n\n<li class=\"has-ast-global-color-8-color has-text-color has-link-color has-medium-font-size wp-elements-3863430f8845a580c83eacb803de1559\">Mejorar el flujo de aire<\/li>\n<\/ul>\n\n\n\n<p class=\"has-text-align-center has-ast-global-color-8-color has-text-color has-link-color has-medium-font-size wp-elements-224d09212d115e2968bf35a783406d55\">Se puede combinar con otras soluciones para mejores resultados.<\/p>\n\n\n\n<p class=\"has-text-align-center has-ast-global-color-8-color has-text-color has-link-color has-medium-font-size wp-elements-3b1a8c01167a58db89879eab2334d416\"><strong>Soluci\u00f3n #4: Sellado de espacios<\/strong>&nbsp;&nbsp;<\/p>\n\n\n\n<div style=\"height:15px\" aria-hidden=\"true\" class=\"wp-block-spacer\"><\/div>\n\n\n\n<p class=\"has-text-align-center has-ast-global-color-8-color has-text-color has-link-color has-medium-font-size wp-elements-6c47dbf42a25828b6e449ec0217d92dc\">El calor tambi\u00e9n entra por:<\/p>\n\n\n\n<div style=\"height:5px\" aria-hidden=\"true\" class=\"wp-block-spacer\"><\/div>\n\n\n\n<ul class=\"wp-block-list\">\n<li class=\"has-ast-global-color-8-color has-text-color has-link-color has-medium-font-size wp-elements-afcc0f67d07efbde095bd41605d4ce9d\">Grietas<\/li>\n\n\n\n<li class=\"has-ast-global-color-8-color has-text-color has-link-color has-medium-font-size wp-elements-fa9d20daff6c1bcce1abedfe05379f9e\">Uniones mal selladas<\/li>\n\n\n\n<li class=\"has-ast-global-color-8-color has-text-color has-link-color has-medium-font-size wp-elements-559deee94aba6e52f640814a7966c7ac\">Bordes de techo<\/li>\n<\/ul>\n\n\n\n<p class=\"has-ast-global-color-8-color has-text-color has-link-color has-medium-font-size wp-elements-9f2cfed54256c905040e74f74694c7be\">Corregir estos puntos mejora el rendimiento general.<\/p>\n\n\n\n<h4 class=\"wp-block-heading has-text-align-center has-ast-global-color-8-color has-text-color has-link-color wp-elements-742575fc473883b41aeda6e9147eca8d\"><strong>\u00bfCu\u00e1l es la mejor opci\u00f3n?<\/strong>&nbsp;&nbsp;<\/h4>\n\n\n\n<div style=\"height:20px\" aria-hidden=\"true\" class=\"wp-block-spacer\"><\/div>\n\n\n\n<p class=\"has-text-align-center has-ast-global-color-8-color has-text-color has-link-color has-medium-font-size wp-elements-afdf1c8e52ba5193abbd01e7d865735f\">Depende del nivel del problema:<\/p>\n\n\n\n<div style=\"height:5px\" aria-hidden=\"true\" class=\"wp-block-spacer\"><\/div>\n\n\n\n<ul class=\"wp-block-list\">\n<li class=\"has-ast-global-color-8-color has-text-color has-link-color has-medium-font-size wp-elements-1fac9457bcb2de217c62044931549f09\">Calor leve \u2192 ventilaci\u00f3n + sellado<\/li>\n\n\n\n<li class=\"has-ast-global-color-8-color has-text-color has-link-color has-medium-font-size wp-elements-8d2b4eda46b836187abe69e256a47985\">Calor moderado \u2192 aislamiento t\u00e9rmico<\/li>\n\n\n\n<li class=\"has-ast-global-color-8-color has-text-color has-link-color has-medium-font-size wp-elements-81627c300acde9731bc86fe08c31b073\">Calor fuerte \u2192 paneles aislantes<\/li>\n<\/ul>\n\n\n\n<p class=\"has-ast-global-color-8-color has-text-color has-link-color has-medium-font-size wp-elements-ec51b5868d05d90e50bfbb29130befa9\">La clave es atacar el problema desde el techo, no solo el interior.<\/p>\n\n\n\n<h4 class=\"wp-block-heading has-text-align-center has-ast-global-color-8-color has-text-color has-link-color wp-elements-727a93347354ed8e1331336422c1f5bd\"><strong>Aplicaci\u00f3n en El Salvador<\/strong>&nbsp;&nbsp;<\/h4>\n\n\n\n<div style=\"height:20px\" aria-hidden=\"true\" class=\"wp-block-spacer\"><\/div>\n\n\n\n<p class=\"has-text-align-center has-ast-global-color-8-color has-text-color has-link-color has-medium-font-size wp-elements-5b738699476b253623ebbfbb865c34d6\">Este problema es muy com\u00fan en:<\/p>\n\n\n\n<div style=\"height:5px\" aria-hidden=\"true\" class=\"wp-block-spacer\"><\/div>\n\n\n\n<div style=\"height:5px\" aria-hidden=\"true\" class=\"wp-block-spacer\"><\/div>\n\n\n\n<ul class=\"wp-block-list has-medium-font-size\">\n<li class=\"has-ast-global-color-8-color has-text-color has-link-color has-medium-font-size wp-elements-8c9a8f1362f052f13900c0e163b8aad7\">Viviendas<\/li>\n\n\n\n<li class=\"has-ast-global-color-8-color has-text-color has-link-color has-medium-font-size wp-elements-6cdfe1351acd953d4b5038f04765f14c\">Bodegas<\/li>\n\n\n\n<li class=\"has-ast-global-color-8-color has-text-color has-link-color has-medium-font-size wp-elements-34aaf1335bbd30962e0ac1ced40794d6\">Restaurantes<\/li>\n\n\n\n<li class=\"has-ast-global-color-8-color has-text-color has-link-color has-medium-font-size wp-elements-ee516ec7bbb63cab9b301592784e4886\">Talleres<\/li>\n<\/ul>\n\n\n\n<p class=\"has-ast-global-color-8-color has-text-color has-link-color has-medium-font-size wp-elements-810d3ccd73bd700925ef08b91a68b1b2\">Especialmente en zonas con alta exposici\u00f3n solar como San Salvador y San Miguel.<\/p>\n\n\n\n<h4 class=\"wp-block-heading has-text-align-center has-ast-global-color-8-color has-text-color has-link-color wp-elements-93a2915bb4d8da3b2afbfa2cf245a517\"><strong>\u00bfD\u00f3nde encontrar soluciones para techos en El Salvador?<\/strong>&nbsp;&nbsp;<\/h4>\n\n\n\n<div style=\"height:20px\" aria-hidden=\"true\" class=\"wp-block-spacer\"><\/div>\n\n\n\n<p class=\"has-ast-global-color-8-color has-text-color has-link-color has-medium-font-size wp-elements-fb38dabfc0786f6424e6ccb36d842ceb\">En <strong>Promaica<\/strong> puedes encontrar soluciones como aislamiento t\u00e9rmico y paneles dise\u00f1ados para reducir el calor en techos de l\u00e1mina.<\/p>\n\n\n\n<p class=\"has-ast-global-color-8-color has-text-color has-link-color has-medium-font-size wp-elements-47b92445fe75fe14ba75ce867f8e226c\">\ud83d\udccd <strong>San Salvador:<\/strong> Calle Roma y Calle Lorena #170, San Salvador<br>\ud83d\udccd <strong>San Miguel:<\/strong> Carretera Panamericana, 500 metros de Metrocentro, en el ex local Z\u00f3calo, San Miguel<br>\ud83d\udcde <strong>Tel\u00e9fono:<\/strong> 2515-0030<\/p>\n\n\n\n<p class=\"has-ast-global-color-8-color has-text-color has-link-color has-medium-font-size wp-elements-668bed274cf673edfe5582df9f5594e1\">Nuestro equipo puede ayudarte a encontrar la mejor soluci\u00f3n seg\u00fan tu proyecto.<\/p>\n\n\n\n<h4 class=\"wp-block-heading has-text-align-center has-ast-global-color-8-color has-text-color has-link-color wp-elements-fea249769a33e91fb3e80923865c17e0\"><strong>Reduce el calor desde la ra\u00edz<\/strong>&nbsp;&nbsp;<\/h4>\n\n\n\n<div style=\"height:20px\" aria-hidden=\"true\" class=\"wp-block-spacer\"><\/div>\n\n\n\n<p class=\"has-ast-global-color-8-color has-text-color has-link-color has-medium-font-size wp-elements-dabf8296d84d35f94449b25584ad426a\">El problema del calor no se soluciona con ventiladores\u2026<br>\ud83d\udc49 se soluciona evitando que entre. Aplicar la soluci\u00f3n correcta en tu techo puede cambiar completamente la temperatura de tu espacio.<\/p>\n\n\n\n<div class=\"wp-block-columns is-layout-flex wp-container-core-columns-is-layout-28f84493 wp-block-columns-is-layout-flex\">\n<div class=\"wp-block-column is-layout-flow wp-block-column-is-layout-flow\" style=\"flex-basis:33.33%\">\n<p class=\"has-text-align-center has-ast-global-color-8-color has-text-color has-link-color has-medium-font-size wp-elements-d0ebec6698856fbef89743a6b19a98f5\"><strong>\u00a1Visita nuestra tienda en l\u00ednea!<\/strong><\/p>\n\n\n\n<figure class=\"wp-block-image aligncenter size-full is-resized\"><img decoding=\"async\" width=\"90\" height=\"90\" src=\"https:\/\/promaica.com\/blog\/wp-content\/uploads\/2026\/04\/icons8-carrito-de-compras-90.png\" alt=\"\" class=\"wp-image-1853\" style=\"width:90px;height:auto\"\/><\/figure>\n<\/div>\n\n\n\n<div class=\"wp-block-column is-layout-flow wp-block-column-is-layout-flow\" style=\"flex-basis:66.66%\">\n<p class=\"has-ast-global-color-8-color has-text-color has-link-color has-medium-font-size wp-elements-3f1989093a9f7a136e7f525be08f3632\"><strong>S\u00edguenos en nuestras redes sociales<\/strong><\/p>\n\n\n\n<div style=\"height:5px\" aria-hidden=\"true\" class=\"wp-block-spacer\"><\/div>\n\n\n\n<ul class=\"wp-block-social-links has-huge-icon-size is-style-logos-only is-layout-flex wp-block-social-links-is-layout-flex\"><li class=\"wp-social-link wp-social-link-facebook  wp-block-social-link\"><a href=\"https:\/\/www.facebook.com\/GrupoPromaica\" class=\"wp-block-social-link-anchor\"><svg width=\"24\" height=\"24\" viewBox=\"0 0 24 24\" version=\"1.1\" xmlns=\"http:\/\/www.w3.org\/2000\/svg\" aria-hidden=\"true\" focusable=\"false\"><path d=\"M12 2C6.5 2 2 6.5 2 12c0 5 3.7 9.1 8.4 9.9v-7H7.9V12h2.5V9.8c0-2.5 1.5-3.9 3.8-3.9 1.1 0 2.2.2 2.2.2v2.5h-1.3c-1.2 0-1.6.8-1.6 1.6V12h2.8l-.4 2.9h-2.3v7C18.3 21.1 22 17 22 12c0-5.5-4.5-10-10-10z\"><\/path><\/svg><span class=\"wp-block-social-link-label screen-reader-text\">Facebook<\/span><\/a><\/li>\n\n<li class=\"wp-social-link wp-social-link-instagram  wp-block-social-link\"><a href=\"https:\/\/www.instagram.com\/promaica_sv\/\" class=\"wp-block-social-link-anchor\"><svg width=\"24\" height=\"24\" viewBox=\"0 0 24 24\" version=\"1.1\" xmlns=\"http:\/\/www.w3.org\/2000\/svg\" aria-hidden=\"true\" focusable=\"false\"><path d=\"M12,4.622c2.403,0,2.688,0.009,3.637,0.052c0.877,0.04,1.354,0.187,1.671,0.31c0.42,0.163,0.72,0.358,1.035,0.673 c0.315,0.315,0.51,0.615,0.673,1.035c0.123,0.317,0.27,0.794,0.31,1.671c0.043,0.949,0.052,1.234,0.052,3.637 s-0.009,2.688-0.052,3.637c-0.04,0.877-0.187,1.354-0.31,1.671c-0.163,0.42-0.358,0.72-0.673,1.035 c-0.315,0.315-0.615,0.51-1.035,0.673c-0.317,0.123-0.794,0.27-1.671,0.31c-0.949,0.043-1.233,0.052-3.637,0.052 s-2.688-0.009-3.637-0.052c-0.877-0.04-1.354-0.187-1.671-0.31c-0.42-0.163-0.72-0.358-1.035-0.673 c-0.315-0.315-0.51-0.615-0.673-1.035c-0.123-0.317-0.27-0.794-0.31-1.671C4.631,14.688,4.622,14.403,4.622,12 s0.009-2.688,0.052-3.637c0.04-0.877,0.187-1.354,0.31-1.671c0.163-0.42,0.358-0.72,0.673-1.035 c0.315-0.315,0.615-0.51,1.035-0.673c0.317-0.123,0.794-0.27,1.671-0.31C9.312,4.631,9.597,4.622,12,4.622 M12,3 C9.556,3,9.249,3.01,8.289,3.054C7.331,3.098,6.677,3.25,6.105,3.472C5.513,3.702,5.011,4.01,4.511,4.511 c-0.5,0.5-0.808,1.002-1.038,1.594C3.25,6.677,3.098,7.331,3.054,8.289C3.01,9.249,3,9.556,3,12c0,2.444,0.01,2.751,0.054,3.711 c0.044,0.958,0.196,1.612,0.418,2.185c0.23,0.592,0.538,1.094,1.038,1.594c0.5,0.5,1.002,0.808,1.594,1.038 c0.572,0.222,1.227,0.375,2.185,0.418C9.249,20.99,9.556,21,12,21s2.751-0.01,3.711-0.054c0.958-0.044,1.612-0.196,2.185-0.418 c0.592-0.23,1.094-0.538,1.594-1.038c0.5-0.5,0.808-1.002,1.038-1.594c0.222-0.572,0.375-1.227,0.418-2.185 C20.99,14.751,21,14.444,21,12s-0.01-2.751-0.054-3.711c-0.044-0.958-0.196-1.612-0.418-2.185c-0.23-0.592-0.538-1.094-1.038-1.594 c-0.5-0.5-1.002-0.808-1.594-1.038c-0.572-0.222-1.227-0.375-2.185-0.418C14.751,3.01,14.444,3,12,3L12,3z M12,7.378 c-2.552,0-4.622,2.069-4.622,4.622S9.448,16.622,12,16.622s4.622-2.069,4.622-4.622S14.552,7.378,12,7.378z M12,15 c-1.657,0-3-1.343-3-3s1.343-3,3-3s3,1.343,3,3S13.657,15,12,15z M16.804,6.116c-0.596,0-1.08,0.484-1.08,1.08 s0.484,1.08,1.08,1.08c0.596,0,1.08-0.484,1.08-1.08S17.401,6.116,16.804,6.116z\"><\/path><\/svg><span class=\"wp-block-social-link-label screen-reader-text\">Instagram<\/span><\/a><\/li>\n\n<li class=\"wp-social-link wp-social-link-youtube  wp-block-social-link\"><a href=\"https:\/\/www.youtube.com\/@promaica\" class=\"wp-block-social-link-anchor\"><svg width=\"24\" height=\"24\" viewBox=\"0 0 24 24\" version=\"1.1\" xmlns=\"http:\/\/www.w3.org\/2000\/svg\" aria-hidden=\"true\" focusable=\"false\"><path d=\"M21.8,8.001c0,0-0.195-1.378-0.795-1.985c-0.76-0.797-1.613-0.801-2.004-0.847c-2.799-0.202-6.997-0.202-6.997-0.202 h-0.009c0,0-4.198,0-6.997,0.202C4.608,5.216,3.756,5.22,2.995,6.016C2.395,6.623,2.2,8.001,2.2,8.001S2,9.62,2,11.238v1.517 c0,1.618,0.2,3.237,0.2,3.237s0.195,1.378,0.795,1.985c0.761,0.797,1.76,0.771,2.205,0.855c1.6,0.153,6.8,0.201,6.8,0.201 s4.203-0.006,7.001-0.209c0.391-0.047,1.243-0.051,2.004-0.847c0.6-0.607,0.795-1.985,0.795-1.985s0.2-1.618,0.2-3.237v-1.517 C22,9.62,21.8,8.001,21.8,8.001z M9.935,14.594l-0.001-5.62l5.404,2.82L9.935,14.594z\"><\/path><\/svg><span class=\"wp-block-social-link-label screen-reader-text\">YouTube<\/span><\/a><\/li><\/ul>\n<\/div>\n<\/div>\n","protected":false},"excerpt":{"rendered":"<p>Si tienes una casa, negocio o bodega con techo de l\u00e1mina en El Salvador, seguramente ya sabes lo que pasa: durante el d\u00eda, el calor se vuelve casi insoportable. Esto no es casualidad. La l\u00e1mina es uno de los materiales que m\u00e1s calor absorbe y transmite al interior, convirtiendo el espacio en un horno. La [&hellip;]<\/p>\n","protected":false},"author":13,"featured_media":0,"comment_status":"open","ping_status":"closed","sticky":false,"template":"","format":"standard","meta":{"site-sidebar-layout":"default","site-content-layout":"","ast-site-content-layout":"default","site-content-style":"default","site-sidebar-style":"default","ast-global-header-display":"","ast-banner-title-visibility":"","ast-main-header-display":"","ast-hfb-above-header-display":"","ast-hfb-below-header-display":"","ast-hfb-mobile-header-display":"","site-post-title":"","ast-breadcrumbs-content":"","ast-featured-img":"","footer-sml-layout":"","ast-disable-related-posts":"","theme-transparent-header-meta":"","adv-header-id-meta":"","stick-header-meta":"","header-above-stick-meta":"","header-main-stick-meta":"","header-below-stick-meta":"","astra-migrate-meta-layouts":"set","ast-page-background-enabled":"default","ast-page-background-meta":{"desktop":{"background-color":"var(--ast-global-color-4)","background-image":"","background-repeat":"repeat","background-position":"center center","background-size":"auto","background-attachment":"scroll","background-type":"","background-media":"","overlay-type":"","overlay-color":"","overlay-opacity":"","overlay-gradient":""},"tablet":{"background-color":"","background-image":"","background-repeat":"repeat","background-position":"center center","background-size":"auto","background-attachment":"scroll","background-type":"","background-media":"","overlay-type":"","overlay-color":"","overlay-opacity":"","overlay-gradient":""},"mobile":{"background-color":"","background-image":"","background-repeat":"repeat","background-position":"center center","background-size":"auto","background-attachment":"scroll","background-type":"","background-media":"","overlay-type":"","overlay-color":"","overlay-opacity":"","overlay-gradient":""}},"ast-content-background-meta":{"desktop":{"background-color":"var(--ast-global-color-5)","background-image":"","background-repeat":"repeat","background-position":"center center","background-size":"auto","background-attachment":"scroll","background-type":"","background-media":"","overlay-type":"","overlay-color":"","overlay-opacity":"","overlay-gradient":""},"tablet":{"background-color":"var(--ast-global-color-5)","background-image":"","background-repeat":"repeat","background-position":"center center","background-size":"auto","background-attachment":"scroll","background-type":"","background-media":"","overlay-type":"","overlay-color":"","overlay-opacity":"","overlay-gradient":""},"mobile":{"background-color":"var(--ast-global-color-5)","background-image":"","background-repeat":"repeat","background-position":"center center","background-size":"auto","background-attachment":"scroll","background-type":"","background-media":"","overlay-type":"","overlay-color":"","overlay-opacity":"","overlay-gradient":""}},"footnotes":""},"categories":[1],"tags":[237,267,236,161,238,248,268,266],"class_list":["post-1944","post","type-post","status-publish","format-standard","hentry","category-general","tag-aislamientotermico-3","tag-calorencasa","tag-construccionsv","tag-eficienciaenergetica-3","tag-promaica-2","tag-reducirelcalor","tag-solucionesreale","tag-techodelamina"],"yoast_head":"<!-- This site is optimized with the Yoast SEO plugin v27.4 - https:\/\/yoast.com\/product\/yoast-seo-wordpress\/ -->\n<title>C\u00f3mo reducir el calor en techos de l\u00e1mina en El Salvador<\/title>\n<meta name=\"description\" content=\"Si tienes una casa, negocio o bodega con techo de l\u00e1mina en El Salvador, seguramente ya sabes lo que pasa: durante el d\u00eda, el calor\" \/>\n<meta name=\"robots\" content=\"index, follow, max-snippet:-1, max-image-preview:large, max-video-preview:-1\" \/>\n<link rel=\"canonical\" href=\"https:\/\/promaica.com\/blog\/como-reducir-el-calor-en-techos-de-lamina-en-el-salvador-soluciones-que-si-funcionan\/\" \/>\n<meta property=\"og:locale\" content=\"es_ES\" \/>\n<meta property=\"og:type\" content=\"article\" \/>\n<meta property=\"og:title\" content=\"C\u00f3mo reducir el calor en techos de l\u00e1mina en El Salvador\" \/>\n<meta property=\"og:description\" content=\"Si tienes una casa, negocio o bodega con techo de l\u00e1mina en El Salvador, seguramente ya sabes lo que pasa: durante el d\u00eda, el calor\" \/>\n<meta property=\"og:url\" content=\"https:\/\/promaica.com\/blog\/como-reducir-el-calor-en-techos-de-lamina-en-el-salvador-soluciones-que-si-funcionan\/\" \/>\n<meta property=\"og:site_name\" content=\"Blog de Aislamiento y refrigeraci\u00f3n industrial\" \/>\n<meta property=\"article:published_time\" content=\"2026-04-24T22:30:00+00:00\" \/>\n<meta property=\"og:image\" content=\"https:\/\/promaica.com\/blog\/wp-content\/uploads\/2026\/04\/icons8-carrito-de-compras-90.png\" \/>\n\t<meta property=\"og:image:width\" content=\"90\" \/>\n\t<meta property=\"og:image:height\" content=\"90\" \/>\n\t<meta property=\"og:image:type\" content=\"image\/png\" \/>\n<meta name=\"author\" content=\"Morales\" \/>\n<meta name=\"twitter:card\" content=\"summary_large_image\" \/>\n<meta name=\"twitter:label1\" content=\"Escrito por\" \/>\n\t<meta name=\"twitter:data1\" content=\"Morales\" \/>\n\t<meta name=\"twitter:label2\" content=\"Tiempo de lectura\" \/>\n\t<meta name=\"twitter:data2\" content=\"3 minutos\" \/>\n<script type=\"application\/ld+json\" class=\"yoast-schema-graph\">{\"@context\":\"https:\\\/\\\/schema.org\",\"@graph\":[{\"@type\":\"Article\",\"@id\":\"https:\\\/\\\/promaica.com\\\/blog\\\/como-reducir-el-calor-en-techos-de-lamina-en-el-salvador-soluciones-que-si-funcionan\\\/#article\",\"isPartOf\":{\"@id\":\"https:\\\/\\\/promaica.com\\\/blog\\\/como-reducir-el-calor-en-techos-de-lamina-en-el-salvador-soluciones-que-si-funcionan\\\/\"},\"author\":{\"name\":\"Morales\",\"@id\":\"https:\\\/\\\/promaica.com\\\/blog\\\/#\\\/schema\\\/person\\\/cbe9040be67a3ea2962352f1594d2897\"},\"headline\":\"C\u00f3mo reducir el calor en techos de l\u00e1mina en El Salvador (soluciones que s\u00ed funcionan)\u00a0\u00a0\",\"datePublished\":\"2026-04-24T22:30:00+00:00\",\"mainEntityOfPage\":{\"@id\":\"https:\\\/\\\/promaica.com\\\/blog\\\/como-reducir-el-calor-en-techos-de-lamina-en-el-salvador-soluciones-que-si-funcionan\\\/\"},\"wordCount\":596,\"commentCount\":0,\"publisher\":{\"@id\":\"https:\\\/\\\/promaica.com\\\/blog\\\/#organization\"},\"image\":{\"@id\":\"https:\\\/\\\/promaica.com\\\/blog\\\/como-reducir-el-calor-en-techos-de-lamina-en-el-salvador-soluciones-que-si-funcionan\\\/#primaryimage\"},\"thumbnailUrl\":\"https:\\\/\\\/promaica.com\\\/blog\\\/wp-content\\\/uploads\\\/2026\\\/04\\\/icons8-carrito-de-compras-90.png\",\"keywords\":[\"#AislamientoTermico\",\"#CalorEnCasa\",\"#ConstruccionSV\",\"#eficienciaenergetica\",\"#Promaica\",\"#ReducirElCalor\",\"#SolucionesReale\",\"#TechoDeLamina\"],\"articleSection\":[\"General\"],\"inLanguage\":\"es\",\"potentialAction\":[{\"@type\":\"CommentAction\",\"name\":\"Comment\",\"target\":[\"https:\\\/\\\/promaica.com\\\/blog\\\/como-reducir-el-calor-en-techos-de-lamina-en-el-salvador-soluciones-que-si-funcionan\\\/#respond\"]}]},{\"@type\":\"WebPage\",\"@id\":\"https:\\\/\\\/promaica.com\\\/blog\\\/como-reducir-el-calor-en-techos-de-lamina-en-el-salvador-soluciones-que-si-funcionan\\\/\",\"url\":\"https:\\\/\\\/promaica.com\\\/blog\\\/como-reducir-el-calor-en-techos-de-lamina-en-el-salvador-soluciones-que-si-funcionan\\\/\",\"name\":\"C\u00f3mo reducir el calor en techos de l\u00e1mina en El Salvador\",\"isPartOf\":{\"@id\":\"https:\\\/\\\/promaica.com\\\/blog\\\/#website\"},\"primaryImageOfPage\":{\"@id\":\"https:\\\/\\\/promaica.com\\\/blog\\\/como-reducir-el-calor-en-techos-de-lamina-en-el-salvador-soluciones-que-si-funcionan\\\/#primaryimage\"},\"image\":{\"@id\":\"https:\\\/\\\/promaica.com\\\/blog\\\/como-reducir-el-calor-en-techos-de-lamina-en-el-salvador-soluciones-que-si-funcionan\\\/#primaryimage\"},\"thumbnailUrl\":\"https:\\\/\\\/promaica.com\\\/blog\\\/wp-content\\\/uploads\\\/2026\\\/04\\\/icons8-carrito-de-compras-90.png\",\"datePublished\":\"2026-04-24T22:30:00+00:00\",\"description\":\"Si tienes una casa, negocio o bodega con techo de l\u00e1mina en El Salvador, seguramente ya sabes lo que pasa: durante el d\u00eda, el calor\",\"breadcrumb\":{\"@id\":\"https:\\\/\\\/promaica.com\\\/blog\\\/como-reducir-el-calor-en-techos-de-lamina-en-el-salvador-soluciones-que-si-funcionan\\\/#breadcrumb\"},\"inLanguage\":\"es\",\"potentialAction\":[{\"@type\":\"ReadAction\",\"target\":[\"https:\\\/\\\/promaica.com\\\/blog\\\/como-reducir-el-calor-en-techos-de-lamina-en-el-salvador-soluciones-que-si-funcionan\\\/\"]}]},{\"@type\":\"ImageObject\",\"inLanguage\":\"es\",\"@id\":\"https:\\\/\\\/promaica.com\\\/blog\\\/como-reducir-el-calor-en-techos-de-lamina-en-el-salvador-soluciones-que-si-funcionan\\\/#primaryimage\",\"url\":\"https:\\\/\\\/promaica.com\\\/blog\\\/wp-content\\\/uploads\\\/2026\\\/04\\\/icons8-carrito-de-compras-90.png\",\"contentUrl\":\"https:\\\/\\\/promaica.com\\\/blog\\\/wp-content\\\/uploads\\\/2026\\\/04\\\/icons8-carrito-de-compras-90.png\",\"width\":90,\"height\":90},{\"@type\":\"BreadcrumbList\",\"@id\":\"https:\\\/\\\/promaica.com\\\/blog\\\/como-reducir-el-calor-en-techos-de-lamina-en-el-salvador-soluciones-que-si-funcionan\\\/#breadcrumb\",\"itemListElement\":[{\"@type\":\"ListItem\",\"position\":1,\"name\":\"Portada\",\"item\":\"https:\\\/\\\/promaica.com\\\/blog\\\/\"},{\"@type\":\"ListItem\",\"position\":2,\"name\":\"C\u00f3mo reducir el calor en techos de l\u00e1mina en El Salvador (soluciones que s\u00ed funcionan)\u00a0\u00a0\"}]},{\"@type\":\"WebSite\",\"@id\":\"https:\\\/\\\/promaica.com\\\/blog\\\/#website\",\"url\":\"https:\\\/\\\/promaica.com\\\/blog\\\/\",\"name\":\"Blog de Aislamiento y refrigeraci\u00f3n industrial\",\"description\":\"PROMAICA\",\"publisher\":{\"@id\":\"https:\\\/\\\/promaica.com\\\/blog\\\/#organization\"},\"potentialAction\":[{\"@type\":\"SearchAction\",\"target\":{\"@type\":\"EntryPoint\",\"urlTemplate\":\"https:\\\/\\\/promaica.com\\\/blog\\\/?s={search_term_string}\"},\"query-input\":{\"@type\":\"PropertyValueSpecification\",\"valueRequired\":true,\"valueName\":\"search_term_string\"}}],\"inLanguage\":\"es\"},{\"@type\":\"Organization\",\"@id\":\"https:\\\/\\\/promaica.com\\\/blog\\\/#organization\",\"name\":\"Blog de Aislamiento y refrigeraci\u00f3n industrial\",\"url\":\"https:\\\/\\\/promaica.com\\\/blog\\\/\",\"logo\":{\"@type\":\"ImageObject\",\"inLanguage\":\"es\",\"@id\":\"https:\\\/\\\/promaica.com\\\/blog\\\/#\\\/schema\\\/logo\\\/image\\\/\",\"url\":\"https:\\\/\\\/promaica.com\\\/blog\\\/wp-content\\\/uploads\\\/2021\\\/11\\\/logo-promaica-blanco.png\",\"contentUrl\":\"https:\\\/\\\/promaica.com\\\/blog\\\/wp-content\\\/uploads\\\/2021\\\/11\\\/logo-promaica-blanco.png\",\"width\":138,\"height\":40,\"caption\":\"Blog de Aislamiento y refrigeraci\u00f3n industrial\"},\"image\":{\"@id\":\"https:\\\/\\\/promaica.com\\\/blog\\\/#\\\/schema\\\/logo\\\/image\\\/\"}},{\"@type\":\"Person\",\"@id\":\"https:\\\/\\\/promaica.com\\\/blog\\\/#\\\/schema\\\/person\\\/cbe9040be67a3ea2962352f1594d2897\",\"name\":\"Morales\",\"image\":{\"@type\":\"ImageObject\",\"inLanguage\":\"es\",\"@id\":\"https:\\\/\\\/secure.gravatar.com\\\/avatar\\\/cbff1af3650cf901924b80ea245a89fc4347f631779f12c56a34dd2effbc98e4?s=96&d=mm&r=g\",\"url\":\"https:\\\/\\\/secure.gravatar.com\\\/avatar\\\/cbff1af3650cf901924b80ea245a89fc4347f631779f12c56a34dd2effbc98e4?s=96&d=mm&r=g\",\"contentUrl\":\"https:\\\/\\\/secure.gravatar.com\\\/avatar\\\/cbff1af3650cf901924b80ea245a89fc4347f631779f12c56a34dd2effbc98e4?s=96&d=mm&r=g\",\"caption\":\"Morales\"},\"url\":\"https:\\\/\\\/promaica.com\\\/blog\\\/author\\\/gabrielamorales\\\/\"}]}<\/script>\n<!-- \/ Yoast SEO plugin. -->","yoast_head_json":{"title":"C\u00f3mo reducir el calor en techos de l\u00e1mina en El Salvador","description":"Si tienes una casa, negocio o bodega con techo de l\u00e1mina en El Salvador, seguramente ya sabes lo que pasa: durante el d\u00eda, el calor","robots":{"index":"index","follow":"follow","max-snippet":"max-snippet:-1","max-image-preview":"max-image-preview:large","max-video-preview":"max-video-preview:-1"},"canonical":"https:\/\/promaica.com\/blog\/como-reducir-el-calor-en-techos-de-lamina-en-el-salvador-soluciones-que-si-funcionan\/","og_locale":"es_ES","og_type":"article","og_title":"C\u00f3mo reducir el calor en techos de l\u00e1mina en El Salvador","og_description":"Si tienes una casa, negocio o bodega con techo de l\u00e1mina en El Salvador, seguramente ya sabes lo que pasa: durante el d\u00eda, el calor","og_url":"https:\/\/promaica.com\/blog\/como-reducir-el-calor-en-techos-de-lamina-en-el-salvador-soluciones-que-si-funcionan\/","og_site_name":"Blog de Aislamiento y refrigeraci\u00f3n industrial","article_published_time":"2026-04-24T22:30:00+00:00","og_image":[{"width":90,"height":90,"url":"https:\/\/promaica.com\/blog\/wp-content\/uploads\/2026\/04\/icons8-carrito-de-compras-90.png","type":"image\/png"}],"author":"Morales","twitter_card":"summary_large_image","twitter_misc":{"Escrito por":"Morales","Tiempo de lectura":"3 minutos"},"schema":{"@context":"https:\/\/schema.org","@graph":[{"@type":"Article","@id":"https:\/\/promaica.com\/blog\/como-reducir-el-calor-en-techos-de-lamina-en-el-salvador-soluciones-que-si-funcionan\/#article","isPartOf":{"@id":"https:\/\/promaica.com\/blog\/como-reducir-el-calor-en-techos-de-lamina-en-el-salvador-soluciones-que-si-funcionan\/"},"author":{"name":"Morales","@id":"https:\/\/promaica.com\/blog\/#\/schema\/person\/cbe9040be67a3ea2962352f1594d2897"},"headline":"C\u00f3mo reducir el calor en techos de l\u00e1mina en El Salvador (soluciones que s\u00ed funcionan)\u00a0\u00a0","datePublished":"2026-04-24T22:30:00+00:00","mainEntityOfPage":{"@id":"https:\/\/promaica.com\/blog\/como-reducir-el-calor-en-techos-de-lamina-en-el-salvador-soluciones-que-si-funcionan\/"},"wordCount":596,"commentCount":0,"publisher":{"@id":"https:\/\/promaica.com\/blog\/#organization"},"image":{"@id":"https:\/\/promaica.com\/blog\/como-reducir-el-calor-en-techos-de-lamina-en-el-salvador-soluciones-que-si-funcionan\/#primaryimage"},"thumbnailUrl":"https:\/\/promaica.com\/blog\/wp-content\/uploads\/2026\/04\/icons8-carrito-de-compras-90.png","keywords":["#AislamientoTermico","#CalorEnCasa","#ConstruccionSV","#eficienciaenergetica","#Promaica","#ReducirElCalor","#SolucionesReale","#TechoDeLamina"],"articleSection":["General"],"inLanguage":"es","potentialAction":[{"@type":"CommentAction","name":"Comment","target":["https:\/\/promaica.com\/blog\/como-reducir-el-calor-en-techos-de-lamina-en-el-salvador-soluciones-que-si-funcionan\/#respond"]}]},{"@type":"WebPage","@id":"https:\/\/promaica.com\/blog\/como-reducir-el-calor-en-techos-de-lamina-en-el-salvador-soluciones-que-si-funcionan\/","url":"https:\/\/promaica.com\/blog\/como-reducir-el-calor-en-techos-de-lamina-en-el-salvador-soluciones-que-si-funcionan\/","name":"C\u00f3mo reducir el calor en techos de l\u00e1mina en El Salvador","isPartOf":{"@id":"https:\/\/promaica.com\/blog\/#website"},"primaryImageOfPage":{"@id":"https:\/\/promaica.com\/blog\/como-reducir-el-calor-en-techos-de-lamina-en-el-salvador-soluciones-que-si-funcionan\/#primaryimage"},"image":{"@id":"https:\/\/promaica.com\/blog\/como-reducir-el-calor-en-techos-de-lamina-en-el-salvador-soluciones-que-si-funcionan\/#primaryimage"},"thumbnailUrl":"https:\/\/promaica.com\/blog\/wp-content\/uploads\/2026\/04\/icons8-carrito-de-compras-90.png","datePublished":"2026-04-24T22:30:00+00:00","description":"Si tienes una casa, negocio o bodega con techo de l\u00e1mina en El Salvador, seguramente ya sabes lo que pasa: durante el d\u00eda, el calor","breadcrumb":{"@id":"https:\/\/promaica.com\/blog\/como-reducir-el-calor-en-techos-de-lamina-en-el-salvador-soluciones-que-si-funcionan\/#breadcrumb"},"inLanguage":"es","potentialAction":[{"@type":"ReadAction","target":["https:\/\/promaica.com\/blog\/como-reducir-el-calor-en-techos-de-lamina-en-el-salvador-soluciones-que-si-funcionan\/"]}]},{"@type":"ImageObject","inLanguage":"es","@id":"https:\/\/promaica.com\/blog\/como-reducir-el-calor-en-techos-de-lamina-en-el-salvador-soluciones-que-si-funcionan\/#primaryimage","url":"https:\/\/promaica.com\/blog\/wp-content\/uploads\/2026\/04\/icons8-carrito-de-compras-90.png","contentUrl":"https:\/\/promaica.com\/blog\/wp-content\/uploads\/2026\/04\/icons8-carrito-de-compras-90.png","width":90,"height":90},{"@type":"BreadcrumbList","@id":"https:\/\/promaica.com\/blog\/como-reducir-el-calor-en-techos-de-lamina-en-el-salvador-soluciones-que-si-funcionan\/#breadcrumb","itemListElement":[{"@type":"ListItem","position":1,"name":"Portada","item":"https:\/\/promaica.com\/blog\/"},{"@type":"ListItem","position":2,"name":"C\u00f3mo reducir el calor en techos de l\u00e1mina en El Salvador (soluciones que s\u00ed funcionan)\u00a0\u00a0"}]},{"@type":"WebSite","@id":"https:\/\/promaica.com\/blog\/#website","url":"https:\/\/promaica.com\/blog\/","name":"Blog de Aislamiento y refrigeraci\u00f3n industrial","description":"PROMAICA","publisher":{"@id":"https:\/\/promaica.com\/blog\/#organization"},"potentialAction":[{"@type":"SearchAction","target":{"@type":"EntryPoint","urlTemplate":"https:\/\/promaica.com\/blog\/?s={search_term_string}"},"query-input":{"@type":"PropertyValueSpecification","valueRequired":true,"valueName":"search_term_string"}}],"inLanguage":"es"},{"@type":"Organization","@id":"https:\/\/promaica.com\/blog\/#organization","name":"Blog de Aislamiento y refrigeraci\u00f3n industrial","url":"https:\/\/promaica.com\/blog\/","logo":{"@type":"ImageObject","inLanguage":"es","@id":"https:\/\/promaica.com\/blog\/#\/schema\/logo\/image\/","url":"https:\/\/promaica.com\/blog\/wp-content\/uploads\/2021\/11\/logo-promaica-blanco.png","contentUrl":"https:\/\/promaica.com\/blog\/wp-content\/uploads\/2021\/11\/logo-promaica-blanco.png","width":138,"height":40,"caption":"Blog de Aislamiento y refrigeraci\u00f3n industrial"},"image":{"@id":"https:\/\/promaica.com\/blog\/#\/schema\/logo\/image\/"}},{"@type":"Person","@id":"https:\/\/promaica.com\/blog\/#\/schema\/person\/cbe9040be67a3ea2962352f1594d2897","name":"Morales","image":{"@type":"ImageObject","inLanguage":"es","@id":"https:\/\/secure.gravatar.com\/avatar\/cbff1af3650cf901924b80ea245a89fc4347f631779f12c56a34dd2effbc98e4?s=96&d=mm&r=g","url":"https:\/\/secure.gravatar.com\/avatar\/cbff1af3650cf901924b80ea245a89fc4347f631779f12c56a34dd2effbc98e4?s=96&d=mm&r=g","contentUrl":"https:\/\/secure.gravatar.com\/avatar\/cbff1af3650cf901924b80ea245a89fc4347f631779f12c56a34dd2effbc98e4?s=96&d=mm&r=g","caption":"Morales"},"url":"https:\/\/promaica.com\/blog\/author\/gabrielamorales\/"}]}},"_links":{"self":[{"href":"https:\/\/promaica.com\/blog\/wp-json\/wp\/v2\/posts\/1944","targetHints":{"allow":["GET"]}}],"collection":[{"href":"https:\/\/promaica.com\/blog\/wp-json\/wp\/v2\/posts"}],"about":[{"href":"https:\/\/promaica.com\/blog\/wp-json\/wp\/v2\/types\/post"}],"author":[{"embeddable":true,"href":"https:\/\/promaica.com\/blog\/wp-json\/wp\/v2\/users\/13"}],"replies":[{"embeddable":true,"href":"https:\/\/promaica.com\/blog\/wp-json\/wp\/v2\/comments?post=1944"}],"version-history":[{"count":8,"href":"https:\/\/promaica.com\/blog\/wp-json\/wp\/v2\/posts\/1944\/revisions"}],"predecessor-version":[{"id":1952,"href":"https:\/\/promaica.com\/blog\/wp-json\/wp\/v2\/posts\/1944\/revisions\/1952"}],"wp:attachment":[{"href":"https:\/\/promaica.com\/blog\/wp-json\/wp\/v2\/media?parent=1944"}],"wp:term":[{"taxonomy":"category","embeddable":true,"href":"https:\/\/promaica.com\/blog\/wp-json\/wp\/v2\/categories?post=1944"},{"taxonomy":"post_tag","embeddable":true,"href":"https:\/\/promaica.com\/blog\/wp-json\/wp\/v2\/tags?post=1944"}],"curies":[{"name":"wp","href":"https:\/\/api.w.org\/{rel}","templated":true}]}}