{"id":1937,"date":"2026-04-23T16:30:00","date_gmt":"2026-04-23T22:30:00","guid":{"rendered":"https:\/\/promaica.com\/blog\/?p=1937"},"modified":"2026-04-22T11:00:08","modified_gmt":"2026-04-22T17:00:08","slug":"el-error-mas-caro-al-no-usar-aislamiento-termico-en-tu-negocio-en-el-salvador","status":"publish","type":"post","link":"https:\/\/promaica.com\/blog\/el-error-mas-caro-al-no-usar-aislamiento-termico-en-tu-negocio-en-el-salvador\/","title":{"rendered":"El error m\u00e1s caro al no usar aislamiento t\u00e9rmico en tu negocio en El Salvador\u00a0\u00a0"},"content":{"rendered":"\n<p class=\"has-ast-global-color-8-color has-text-color has-link-color has-medium-font-size wp-elements-b90e27de7bcfb3541cdfc658b3cdaa11\">Muchos negocios en El Salvador cometen un error que parece peque\u00f1o al inicio, pero con el tiempo se vuelve muy costoso: <strong>no utilizar aislamiento t\u00e9rmico desde la construcci\u00f3n<\/strong>.<\/p>\n\n\n\n<p class=\"has-ast-global-color-8-color has-text-color has-link-color has-medium-font-size wp-elements-625bdc85068e152b5378de5e666b6db0\">Ya sea una bodega, restaurante o \u00e1rea de trabajo, ignorar este factor puede generar p\u00e9rdidas constantes que afectan directamente la rentabilidad del negocio.<\/p>\n\n\n\n<p class=\"has-ast-global-color-8-color has-text-color has-link-color has-medium-font-size wp-elements-67ea70777059125e4fa50cf6e9c2e655\">En este blog te explicamos <strong>por qu\u00e9 este es uno de los errores m\u00e1s caros<\/strong> y c\u00f3mo evitarlo.<\/p>\n\n\n\n<h3 class=\"wp-block-heading alignwide has-text-align-center has-ast-global-color-8-color has-text-color has-link-color wp-elements-8db0ac938c14c76bae00e0e2f17ced83\"><strong>\u00bfPor qu\u00e9 no usar aislamiento t\u00e9rmico es un error?<\/strong>&nbsp;&nbsp;<\/h3>\n\n\n\n<div style=\"height:20px\" aria-hidden=\"true\" class=\"wp-block-spacer\"><\/div>\n\n\n\n<p class=\"has-ast-global-color-8-color has-text-color has-link-color has-medium-font-size wp-elements-7e18024fe7e364f9cd492133e05cb664\">Cuando un espacio no tiene aislamiento t\u00e9rmico, el calor entra sin control.<\/p>\n\n\n\n<p class=\"has-text-align-center has-ast-global-color-8-color has-text-color has-link-color has-medium-font-size wp-elements-63b5da4bc1ac28ce9ec1228a2021a68e\">Esto provoca:<\/p>\n\n\n\n<div style=\"height:10px\" aria-hidden=\"true\" class=\"wp-block-spacer\"><\/div>\n\n\n\n<div style=\"height:0px\" aria-hidden=\"true\" class=\"wp-block-spacer\"><\/div>\n\n\n\n<ul class=\"wp-block-list\">\n<li class=\"has-ast-global-color-8-color has-text-color has-link-color has-medium-font-size wp-elements-6675b43a0901665cb25a6bebe882b0cf\">Temperaturas internas elevadas<\/li>\n\n\n\n<li class=\"has-ast-global-color-8-color has-text-color has-link-color has-medium-font-size wp-elements-d7d129da308b1c6849fe12c1d2b0e42e\">Mayor uso de aire acondicionado o ventilaci\u00f3n<\/li>\n\n\n\n<li class=\"has-ast-global-color-8-color has-text-color has-link-color has-medium-font-size wp-elements-596dfd4db86e580f8e9de6889596a679\">Ambientes inc\u00f3modos para trabajar<\/li>\n<\/ul>\n\n\n\n<p class=\"has-ast-global-color-8-color has-text-color has-link-color has-medium-font-size wp-elements-99cd1de95b6bd5194691aa6537298513\">Pero el verdadero problema no es el calor\u2026<br>\ud83d\udc49 es el <strong>costo constante que genera<\/strong>.<\/p>\n\n\n\n<h3 class=\"wp-block-heading has-text-align-center has-ast-global-color-8-color has-text-color has-link-color wp-elements-3b8d50e754ab419826d533c60e832e09\"><strong>El impacto real en tu negocio<\/strong>&nbsp;&nbsp;<\/h3>\n\n\n\n<div style=\"height:20px\" aria-hidden=\"true\" class=\"wp-block-spacer\"><\/div>\n\n\n\n<p class=\"has-ast-global-color-8-color has-text-color has-link-color has-medium-font-size wp-elements-8224f2df83531cbe2809a5cc5e748140\">No usar aislamiento t\u00e9rmico afecta m\u00e1s de lo que parece:<\/p>\n\n\n\n<p class=\"has-ast-global-color-8-color has-text-color has-link-color has-medium-font-size wp-elements-ed30663f40c4261bfea55612c8545140\"><strong>\ud83d\udd34 1. Mayor consumo de energ\u00eda<\/strong>&nbsp;&nbsp;<\/p>\n\n\n\n<p class=\"has-ast-global-color-8-color has-text-color has-link-color has-medium-font-size wp-elements-aa3aed567c1f6d141908dc1b09ee9cf2\">Al entrar calor constantemente, los equipos de enfriamiento trabajan m\u00e1s.<\/p>\n\n\n\n<p class=\"has-text-align-center has-ast-global-color-8-color has-text-color has-link-color has-medium-font-size wp-elements-fce528cb50085b1e27cedb727a137183\">Resultado:<\/p>\n\n\n\n<div style=\"height:10px\" aria-hidden=\"true\" class=\"wp-block-spacer\"><\/div>\n\n\n\n<ul class=\"wp-block-list\">\n<li class=\"has-ast-global-color-8-color has-text-color has-link-color has-medium-font-size wp-elements-53ade0fb96528f6557b2c5a95d4b2439\">Facturas el\u00e9ctricas m\u00e1s altas<\/li>\n\n\n\n<li class=\"has-ast-global-color-8-color has-text-color has-link-color has-medium-font-size wp-elements-96dab350ea37f494456903a518f21ab6\">Equipos trabajando al l\u00edmite<\/li>\n<\/ul>\n\n\n\n<p class=\"has-ast-global-color-8-color has-text-color has-link-color has-medium-font-size wp-elements-60972db6456ff9426ce67168b576baa7\"><strong>\ud83d\udd34 2. P\u00e9rdida de productos<\/strong>&nbsp;&nbsp;<\/p>\n\n\n\n<p class=\"has-text-align-left has-ast-global-color-8-color has-text-color has-link-color has-medium-font-size wp-elements-a05e0434d9cc03c2345d84f4e231866b\">En negocios donde se manejan alimentos o productos sensibles:<\/p>\n\n\n\n<ul class=\"wp-block-list\">\n<li class=\"has-ast-global-color-8-color has-text-color has-link-color has-medium-font-size wp-elements-cceaabae2c58d172d11db120d61c42f7\">El calor acelera el deterioro<\/li>\n\n\n\n<li class=\"has-ast-global-color-8-color has-text-color has-link-color has-medium-font-size wp-elements-1550816e4fa72fb48c05d10fce93a95a\">Se reduce la vida \u00fatil<\/li>\n<\/ul>\n\n\n\n<p class=\"has-ast-global-color-8-color has-text-color has-link-color has-medium-font-size wp-elements-bea752b585a7c321ddbed5d4f2d8f8a4\">Esto se traduce en p\u00e9rdidas directas.<\/p>\n\n\n\n<p class=\"has-ast-global-color-8-color has-text-color has-link-color has-medium-font-size wp-elements-abd71b5e613b2b9995ec653f8f6de851\"><strong>\ud83d\udd34 3. Menor productividad<\/strong>&nbsp;&nbsp;<\/p>\n\n\n\n<p class=\"has-text-align-center has-ast-global-color-8-color has-text-color has-link-color has-medium-font-size wp-elements-8f739b15275cc62cef5b762a349c68dc\">Un ambiente caliente:<\/p>\n\n\n\n<div style=\"height:10px\" aria-hidden=\"true\" class=\"wp-block-spacer\"><\/div>\n\n\n\n<ul class=\"wp-block-list\">\n<li class=\"has-ast-global-color-8-color has-text-color has-link-color has-medium-font-size wp-elements-1f4b079a857a0267d6941c700c1e842d\">Reduce el rendimiento del personal<\/li>\n\n\n\n<li class=\"has-ast-global-color-8-color has-text-color has-link-color has-medium-font-size wp-elements-6ebb836539a185979fe303de9272a5b2\">Genera incomodidad constante<\/li>\n<\/ul>\n\n\n\n<p class=\"has-ast-global-color-8-color has-text-color has-link-color has-medium-font-size wp-elements-63b7043362660bc19ff3d67dfc4248f8\">Y eso impacta en la operaci\u00f3n diaria.<\/p>\n\n\n\n<h3 class=\"wp-block-heading has-text-align-center has-ast-global-color-8-color has-text-color has-link-color wp-elements-8697737a322c3a5ca067c8f1c459b56a\"><strong>El error m\u00e1s com\u00fan: construir y luego corregir<\/strong>&nbsp;&nbsp;<\/h3>\n\n\n\n<div style=\"height:20px\" aria-hidden=\"true\" class=\"wp-block-spacer\"><\/div>\n\n\n\n<p class=\"has-text-align-center has-ast-global-color-8-color has-text-color has-link-color has-medium-font-size wp-elements-a0feb5ac4089e26e75b1631bf094f339\">Muchos negocios hacen esto:<\/p>\n\n\n\n<div style=\"height:10px\" aria-hidden=\"true\" class=\"wp-block-spacer\"><\/div>\n\n\n\n<ol class=\"wp-block-list\">\n<li class=\"has-ast-global-color-8-color has-text-color has-link-color has-medium-font-size wp-elements-f27f47a19b26c456bd51297683f77882\">Construyen de forma tradicional<\/li>\n\n\n\n<li class=\"has-ast-global-color-8-color has-text-color has-link-color has-medium-font-size wp-elements-981b8aaa9aada70ba1ee9c295fd8de28\">Aparece el problema del calor<\/li>\n\n\n\n<li class=\"has-ast-global-color-8-color has-text-color has-link-color has-medium-font-size wp-elements-931f888010a34e49d11e5bf35a1e79c3\">Intentan solucionarlo despu\u00e9s<\/li>\n<\/ol>\n\n\n\n<p class=\"has-text-align-center has-ast-global-color-8-color has-text-color has-link-color has-medium-font-size wp-elements-0155f1210f6a65987b3a701a345f0bfd\">El problema es que corregir despu\u00e9s:<\/p>\n\n\n\n<div style=\"height:10px\" aria-hidden=\"true\" class=\"wp-block-spacer\"><\/div>\n\n\n\n<ul class=\"wp-block-list\">\n<li class=\"has-ast-global-color-8-color has-text-color has-link-color has-medium-font-size wp-elements-02d04ddbf944d8875156018b34dbbfd9\">Es m\u00e1s caro<\/li>\n\n\n\n<li class=\"has-ast-global-color-8-color has-text-color has-link-color has-medium-font-size wp-elements-d163b32e3804864ab4d115c2d3fd60ab\">Es menos eficiente<\/li>\n\n\n\n<li class=\"has-ast-global-color-8-color has-text-color has-link-color has-medium-font-size wp-elements-7532b4515a18c1fe33193c1520ddc0b1\">No soluciona completamente<\/li>\n<\/ul>\n\n\n\n<h3 class=\"wp-block-heading has-text-align-center has-ast-global-color-8-color has-text-color has-link-color wp-elements-669d980e4f4f7681337e9c88146b34ae\"><strong>\u00bfC\u00f3mo evitar este error desde el inicio?<\/strong>&nbsp;&nbsp;<\/h3>\n\n\n\n<div style=\"height:20px\" aria-hidden=\"true\" class=\"wp-block-spacer\"><\/div>\n\n\n\n<p class=\"has-ast-global-color-8-color has-text-color has-link-color has-medium-font-size wp-elements-caf2ea73d1e95e8616bfba0f0bd60868\">La clave es simple:<br>\ud83d\udc49 <strong>pensar en el aislamiento desde el dise\u00f1o<\/strong><\/p>\n\n\n\n<p class=\"has-text-align-center has-ast-global-color-8-color has-text-color has-link-color has-medium-font-size wp-elements-af7b0bbf507efdbe555d7857577bd349\">Algunas soluciones efectivas:<\/p>\n\n\n\n<div style=\"height:10px\" aria-hidden=\"true\" class=\"wp-block-spacer\"><\/div>\n\n\n\n<ul class=\"wp-block-list\">\n<li class=\"has-ast-global-color-8-color has-text-color has-link-color has-medium-font-size wp-elements-f0fefc08ccfa09c506050554eb864988\">Uso de paneles aislantes<\/li>\n\n\n\n<li class=\"has-ast-global-color-8-color has-text-color has-link-color has-medium-font-size wp-elements-5cc955d0b20d84601e4182f20256c3d7\">Sistemas que integren aislamiento t\u00e9rmico<\/li>\n\n\n\n<li class=\"has-ast-global-color-8-color has-text-color has-link-color has-medium-font-size wp-elements-5de6992588d6c124539c00337de12a55\">Materiales adecuados para clima c\u00e1lido<\/li>\n<\/ul>\n\n\n\n<p class=\"has-ast-global-color-8-color has-text-color has-link-color has-medium-font-size wp-elements-9c51c228829833424a8e0a1ce699dd9d\">Esto reduce el problema desde la ra\u00edz.<\/p>\n\n\n\n<h3 class=\"wp-block-heading has-text-align-center has-ast-global-color-8-color has-text-color has-link-color wp-elements-07b2515a75d75a5113793841b5724d9d\"><strong>\u00bfQu\u00e9 pasa si ya construiste?<\/strong>&nbsp;&nbsp;<\/h3>\n\n\n\n<div style=\"height:10px\" aria-hidden=\"true\" class=\"wp-block-spacer\"><\/div>\n\n\n\n<p class=\"has-ast-global-color-8-color has-text-color has-link-color has-medium-font-size wp-elements-fa6519af4c535e6370d14ad5aa84680b\">No todo est\u00e1 perdido \ud83d\udc47<\/p>\n\n\n\n<p class=\"has-text-align-center has-ast-global-color-8-color has-text-color has-link-color has-medium-font-size wp-elements-1e03f7fa9df7705e8815cdf91640e2a1\">A\u00fan puedes mejorar:<\/p>\n\n\n\n<div style=\"height:10px\" aria-hidden=\"true\" class=\"wp-block-spacer\"><\/div>\n\n\n\n<ul class=\"wp-block-list\">\n<li class=\"has-ast-global-color-8-color has-text-color has-link-color has-medium-font-size wp-elements-29748d281723b0b27658cc903f2ac6c4\">Agregando aislamiento en techos<\/li>\n\n\n\n<li class=\"has-ast-global-color-8-color has-text-color has-link-color has-medium-font-size wp-elements-9d66605063b9b2202e382357ce43331d\">Mejorando cerramientos<\/li>\n\n\n\n<li class=\"has-ast-global-color-8-color has-text-color has-link-color has-medium-font-size wp-elements-deabdd0818dd75c562093f87acb3a740\">Implementando soluciones t\u00e9rmicas adecuadas<\/li>\n<\/ul>\n\n\n\n<p class=\"has-ast-global-color-8-color has-text-color has-link-color has-medium-font-size wp-elements-ada63538206d1b6269108d8897fb0c81\">Pero siempre ser\u00e1 m\u00e1s eficiente hacerlo desde el inicio.<\/p>\n\n\n\n<h3 class=\"wp-block-heading has-text-align-center has-ast-global-color-8-color has-text-color has-link-color wp-elements-c112744b130b57eba72c28a818ccb5a3\"><strong>Aplicaci\u00f3n en El Salvador<\/strong>&nbsp;&nbsp;<\/h3>\n\n\n\n<div style=\"height:20px\" aria-hidden=\"true\" class=\"wp-block-spacer\"><\/div>\n\n\n\n<p class=\"has-text-align-center has-ast-global-color-8-color has-text-color has-link-color has-medium-font-size wp-elements-b4567161ba509e250ce7cb24cc9afe4c\">Este error es muy com\u00fan en:<\/p>\n\n\n\n<div style=\"height:10px\" aria-hidden=\"true\" class=\"wp-block-spacer\"><\/div>\n\n\n\n<ul class=\"wp-block-list\">\n<li class=\"has-ast-global-color-8-color has-text-color has-link-color has-medium-font-size wp-elements-6cdfe1351acd953d4b5038f04765f14c\">Bodegas<\/li>\n\n\n\n<li class=\"has-ast-global-color-8-color has-text-color has-link-color has-medium-font-size wp-elements-34aaf1335bbd30962e0ac1ced40794d6\">Restaurantes<\/li>\n\n\n\n<li class=\"has-ast-global-color-8-color has-text-color has-link-color has-medium-font-size wp-elements-ee516ec7bbb63cab9b301592784e4886\">Talleres<\/li>\n\n\n\n<li class=\"has-ast-global-color-8-color has-text-color has-link-color has-medium-font-size wp-elements-49615c1d18a39aeb03b4aa28b0b7535c\">Negocios comerciales<\/li>\n<\/ul>\n\n\n\n<p class=\"has-ast-global-color-8-color has-text-color has-link-color has-medium-font-size wp-elements-04366900a89eae1517ad52c1b120e942\">Especialmente en zonas donde el calor es m\u00e1s intenso como San Salvador y San Miguel.<\/p>\n\n\n\n<h3 class=\"wp-block-heading has-text-align-center has-ast-global-color-8-color has-text-color has-link-color wp-elements-26cc634d036afbcb713283e23fdab337\"><strong>\u00bfD\u00f3nde encontrar soluciones de aislamiento t\u00e9rmico en El Salvador?<\/strong>&nbsp;&nbsp;<\/h3>\n\n\n\n<div style=\"height:20px\" aria-hidden=\"true\" class=\"wp-block-spacer\"><\/div>\n\n\n\n<p class=\"has-ast-global-color-8-color has-text-color has-link-color has-medium-font-size wp-elements-bb97c08e81a5c90ba7f2c2b7f3cded51\">En <strong>Promaica<\/strong> puedes encontrar soluciones dise\u00f1adas para reducir el calor y mejorar la eficiencia de tu negocio, desde aislamiento t\u00e9rmico hasta sistemas constructivos modernos.<\/p>\n\n\n\n<p class=\"has-ast-global-color-8-color has-text-color has-link-color has-medium-font-size wp-elements-47b92445fe75fe14ba75ce867f8e226c\">\ud83d\udccd <strong>San Salvador:<\/strong> Calle Roma y Calle Lorena #170, San Salvador<br>\ud83d\udccd <strong>San Miguel:<\/strong> Carretera Panamericana, 500 metros de Metrocentro, en el ex local Z\u00f3calo, San Miguel<br>\ud83d\udcde <strong>Tel\u00e9fono:<\/strong> 2515-0030<\/p>\n\n\n\n<p class=\"has-ast-global-color-8-color has-text-color has-link-color has-medium-font-size wp-elements-138978017ac84fff9dff09fe2a424c7c\">Nuestro equipo puede ayudarte a elegir la mejor opci\u00f3n seg\u00fan tu proyecto.<\/p>\n\n\n\n<h3 class=\"wp-block-heading has-text-align-center has-ast-global-color-8-color has-text-color has-link-color wp-elements-f789fb8cdf41e33eea48383e4c605b33\"><strong>Evita p\u00e9rdidas y mejora tu rentabilidad<\/strong>&nbsp;&nbsp;<\/h3>\n\n\n\n<div style=\"height:20px\" aria-hidden=\"true\" class=\"wp-block-spacer\"><\/div>\n\n\n\n<p class=\"has-ast-global-color-8-color has-text-color has-link-color has-medium-font-size wp-elements-d178981f2f3730733f79a0fa1cb2aff5\">No usar aislamiento t\u00e9rmico no solo afecta el confort\u2026<br>\ud83d\udc49 afecta directamente tu dinero.<\/p>\n\n\n\n<p class=\"has-ast-global-color-8-color has-text-color has-link-color has-medium-font-size wp-elements-ea800e527116cbb45e3482aa9d457204\">Tomar la decisi\u00f3n correcta desde el inicio puede ahorrarte costos, mejorar tu operaci\u00f3n y hacer tu negocio m\u00e1s eficiente.<\/p>\n\n\n\n<div style=\"height:30px\" aria-hidden=\"true\" class=\"wp-block-spacer\"><\/div>\n\n\n\n<div class=\"wp-block-columns is-layout-flex wp-container-core-columns-is-layout-28f84493 wp-block-columns-is-layout-flex\">\n<div class=\"wp-block-column is-layout-flow wp-block-column-is-layout-flow\" style=\"flex-basis:33.33%\">\n<p class=\"has-text-align-center has-ast-global-color-8-color has-text-color has-link-color has-medium-font-size wp-elements-d0ebec6698856fbef89743a6b19a98f5\"><strong>\u00a1Visita nuestra tienda en l\u00ednea!<\/strong><\/p>\n\n\n\n<figure class=\"wp-block-image aligncenter size-full\"><a href=\"https:\/\/shop.equipoypartes.com\/promaica\/cuartos%20frios\/cuartos-frios\"><img decoding=\"async\" width=\"90\" height=\"90\" src=\"https:\/\/promaica.com\/blog\/wp-content\/uploads\/2026\/04\/icons8-carrito-de-compras-90.png\" alt=\"\" class=\"wp-image-1853\"\/><\/a><\/figure>\n<\/div>\n\n\n\n<div class=\"wp-block-column is-layout-flow wp-block-column-is-layout-flow\" style=\"flex-basis:66.66%\">\n<p class=\"has-ast-global-color-8-color has-text-color has-link-color has-medium-font-size wp-elements-3f1989093a9f7a136e7f525be08f3632\"><strong>S\u00edguenos en nuestras redes sociales<\/strong><\/p>\n\n\n\n<div style=\"height:5px\" aria-hidden=\"true\" class=\"wp-block-spacer\"><\/div>\n\n\n\n<ul class=\"wp-block-social-links has-huge-icon-size is-style-logos-only is-layout-flex wp-block-social-links-is-layout-flex\"><li class=\"wp-social-link wp-social-link-facebook  wp-block-social-link\"><a href=\"https:\/\/www.facebook.com\/GrupoPromaica\" class=\"wp-block-social-link-anchor\"><svg width=\"24\" height=\"24\" viewBox=\"0 0 24 24\" version=\"1.1\" xmlns=\"http:\/\/www.w3.org\/2000\/svg\" aria-hidden=\"true\" focusable=\"false\"><path d=\"M12 2C6.5 2 2 6.5 2 12c0 5 3.7 9.1 8.4 9.9v-7H7.9V12h2.5V9.8c0-2.5 1.5-3.9 3.8-3.9 1.1 0 2.2.2 2.2.2v2.5h-1.3c-1.2 0-1.6.8-1.6 1.6V12h2.8l-.4 2.9h-2.3v7C18.3 21.1 22 17 22 12c0-5.5-4.5-10-10-10z\"><\/path><\/svg><span class=\"wp-block-social-link-label screen-reader-text\">Facebook<\/span><\/a><\/li>\n\n<li class=\"wp-social-link wp-social-link-instagram  wp-block-social-link\"><a href=\"https:\/\/www.instagram.com\/promaica_sv\/\" class=\"wp-block-social-link-anchor\"><svg width=\"24\" height=\"24\" viewBox=\"0 0 24 24\" version=\"1.1\" xmlns=\"http:\/\/www.w3.org\/2000\/svg\" aria-hidden=\"true\" focusable=\"false\"><path d=\"M12,4.622c2.403,0,2.688,0.009,3.637,0.052c0.877,0.04,1.354,0.187,1.671,0.31c0.42,0.163,0.72,0.358,1.035,0.673 c0.315,0.315,0.51,0.615,0.673,1.035c0.123,0.317,0.27,0.794,0.31,1.671c0.043,0.949,0.052,1.234,0.052,3.637 s-0.009,2.688-0.052,3.637c-0.04,0.877-0.187,1.354-0.31,1.671c-0.163,0.42-0.358,0.72-0.673,1.035 c-0.315,0.315-0.615,0.51-1.035,0.673c-0.317,0.123-0.794,0.27-1.671,0.31c-0.949,0.043-1.233,0.052-3.637,0.052 s-2.688-0.009-3.637-0.052c-0.877-0.04-1.354-0.187-1.671-0.31c-0.42-0.163-0.72-0.358-1.035-0.673 c-0.315-0.315-0.51-0.615-0.673-1.035c-0.123-0.317-0.27-0.794-0.31-1.671C4.631,14.688,4.622,14.403,4.622,12 s0.009-2.688,0.052-3.637c0.04-0.877,0.187-1.354,0.31-1.671c0.163-0.42,0.358-0.72,0.673-1.035 c0.315-0.315,0.615-0.51,1.035-0.673c0.317-0.123,0.794-0.27,1.671-0.31C9.312,4.631,9.597,4.622,12,4.622 M12,3 C9.556,3,9.249,3.01,8.289,3.054C7.331,3.098,6.677,3.25,6.105,3.472C5.513,3.702,5.011,4.01,4.511,4.511 c-0.5,0.5-0.808,1.002-1.038,1.594C3.25,6.677,3.098,7.331,3.054,8.289C3.01,9.249,3,9.556,3,12c0,2.444,0.01,2.751,0.054,3.711 c0.044,0.958,0.196,1.612,0.418,2.185c0.23,0.592,0.538,1.094,1.038,1.594c0.5,0.5,1.002,0.808,1.594,1.038 c0.572,0.222,1.227,0.375,2.185,0.418C9.249,20.99,9.556,21,12,21s2.751-0.01,3.711-0.054c0.958-0.044,1.612-0.196,2.185-0.418 c0.592-0.23,1.094-0.538,1.594-1.038c0.5-0.5,0.808-1.002,1.038-1.594c0.222-0.572,0.375-1.227,0.418-2.185 C20.99,14.751,21,14.444,21,12s-0.01-2.751-0.054-3.711c-0.044-0.958-0.196-1.612-0.418-2.185c-0.23-0.592-0.538-1.094-1.038-1.594 c-0.5-0.5-1.002-0.808-1.594-1.038c-0.572-0.222-1.227-0.375-2.185-0.418C14.751,3.01,14.444,3,12,3L12,3z M12,7.378 c-2.552,0-4.622,2.069-4.622,4.622S9.448,16.622,12,16.622s4.622-2.069,4.622-4.622S14.552,7.378,12,7.378z M12,15 c-1.657,0-3-1.343-3-3s1.343-3,3-3s3,1.343,3,3S13.657,15,12,15z M16.804,6.116c-0.596,0-1.08,0.484-1.08,1.08 s0.484,1.08,1.08,1.08c0.596,0,1.08-0.484,1.08-1.08S17.401,6.116,16.804,6.116z\"><\/path><\/svg><span class=\"wp-block-social-link-label screen-reader-text\">Instagram<\/span><\/a><\/li>\n\n<li class=\"wp-social-link wp-social-link-youtube  wp-block-social-link\"><a href=\"https:\/\/www.youtube.com\/@promaica\" class=\"wp-block-social-link-anchor\"><svg width=\"24\" height=\"24\" viewBox=\"0 0 24 24\" version=\"1.1\" xmlns=\"http:\/\/www.w3.org\/2000\/svg\" aria-hidden=\"true\" focusable=\"false\"><path d=\"M21.8,8.001c0,0-0.195-1.378-0.795-1.985c-0.76-0.797-1.613-0.801-2.004-0.847c-2.799-0.202-6.997-0.202-6.997-0.202 h-0.009c0,0-4.198,0-6.997,0.202C4.608,5.216,3.756,5.22,2.995,6.016C2.395,6.623,2.2,8.001,2.2,8.001S2,9.62,2,11.238v1.517 c0,1.618,0.2,3.237,0.2,3.237s0.195,1.378,0.795,1.985c0.761,0.797,1.76,0.771,2.205,0.855c1.6,0.153,6.8,0.201,6.8,0.201 s4.203-0.006,7.001-0.209c0.391-0.047,1.243-0.051,2.004-0.847c0.6-0.607,0.795-1.985,0.795-1.985s0.2-1.618,0.2-3.237v-1.517 C22,9.62,21.8,8.001,21.8,8.001z M9.935,14.594l-0.001-5.62l5.404,2.82L9.935,14.594z\"><\/path><\/svg><span class=\"wp-block-social-link-label screen-reader-text\">YouTube<\/span><\/a><\/li><\/ul>\n<\/div>\n<\/div>\n","protected":false},"excerpt":{"rendered":"<p>Muchos negocios en El Salvador cometen un error que parece peque\u00f1o al inicio, pero con el tiempo se vuelve muy costoso: no utilizar aislamiento t\u00e9rmico desde la construcci\u00f3n. Ya sea una bodega, restaurante o \u00e1rea de trabajo, ignorar este factor puede generar p\u00e9rdidas constantes que afectan directamente la rentabilidad del negocio. En este blog te [&hellip;]<\/p>\n","protected":false},"author":13,"featured_media":0,"comment_status":"open","ping_status":"closed","sticky":false,"template":"","format":"standard","meta":{"site-sidebar-layout":"default","site-content-layout":"","ast-site-content-layout":"default","site-content-style":"default","site-sidebar-style":"default","ast-global-header-display":"","ast-banner-title-visibility":"","ast-main-header-display":"","ast-hfb-above-header-display":"","ast-hfb-below-header-display":"","ast-hfb-mobile-header-display":"","site-post-title":"","ast-breadcrumbs-content":"","ast-featured-img":"","footer-sml-layout":"","ast-disable-related-posts":"","theme-transparent-header-meta":"","adv-header-id-meta":"","stick-header-meta":"","header-above-stick-meta":"","header-main-stick-meta":"","header-below-stick-meta":"","astra-migrate-meta-layouts":"set","ast-page-background-enabled":"default","ast-page-background-meta":{"desktop":{"background-color":"var(--ast-global-color-4)","background-image":"","background-repeat":"repeat","background-position":"center center","background-size":"auto","background-attachment":"scroll","background-type":"","background-media":"","overlay-type":"","overlay-color":"","overlay-opacity":"","overlay-gradient":""},"tablet":{"background-color":"","background-image":"","background-repeat":"repeat","background-position":"center center","background-size":"auto","background-attachment":"scroll","background-type":"","background-media":"","overlay-type":"","overlay-color":"","overlay-opacity":"","overlay-gradient":""},"mobile":{"background-color":"","background-image":"","background-repeat":"repeat","background-position":"center center","background-size":"auto","background-attachment":"scroll","background-type":"","background-media":"","overlay-type":"","overlay-color":"","overlay-opacity":"","overlay-gradient":""}},"ast-content-background-meta":{"desktop":{"background-color":"var(--ast-global-color-5)","background-image":"","background-repeat":"repeat","background-position":"center center","background-size":"auto","background-attachment":"scroll","background-type":"","background-media":"","overlay-type":"","overlay-color":"","overlay-opacity":"","overlay-gradient":""},"tablet":{"background-color":"var(--ast-global-color-5)","background-image":"","background-repeat":"repeat","background-position":"center center","background-size":"auto","background-attachment":"scroll","background-type":"","background-media":"","overlay-type":"","overlay-color":"","overlay-opacity":"","overlay-gradient":""},"mobile":{"background-color":"var(--ast-global-color-5)","background-image":"","background-repeat":"repeat","background-position":"center center","background-size":"auto","background-attachment":"scroll","background-type":"","background-media":"","overlay-type":"","overlay-color":"","overlay-opacity":"","overlay-gradient":""}},"footnotes":""},"categories":[1],"tags":[250,237,236,161,265,260,238,248],"class_list":["post-1937","post","type-post","status-publish","format-standard","hentry","category-general","tag-ahorroenergetico","tag-aislamientotermico-3","tag-construccionsv","tag-eficienciaenergetica-3","tag-erroresdeconstruccion","tag-negociossv","tag-promaica-2","tag-reducirelcalor"],"yoast_head":"<!-- This site is optimized with the Yoast SEO plugin v27.4 - https:\/\/yoast.com\/product\/yoast-seo-wordpress\/ -->\n<title>El error m\u00e1s caro al no usar aislamiento t\u00e9rmico en tu negocio<\/title>\n<meta name=\"description\" content=\"Negocios en El Salvador cometen un error que parece peque\u00f1o al inicio, pero con el tiempo se vuelve muy costoso: no utilizar aislamiento.\" \/>\n<meta name=\"robots\" content=\"index, follow, max-snippet:-1, max-image-preview:large, max-video-preview:-1\" \/>\n<link rel=\"canonical\" href=\"https:\/\/promaica.com\/blog\/el-error-mas-caro-al-no-usar-aislamiento-termico-en-tu-negocio-en-el-salvador\/\" \/>\n<meta property=\"og:locale\" content=\"es_ES\" \/>\n<meta property=\"og:type\" content=\"article\" \/>\n<meta property=\"og:title\" content=\"El error m\u00e1s caro al no usar aislamiento t\u00e9rmico en tu negocio\" \/>\n<meta property=\"og:description\" content=\"Negocios en El Salvador cometen un error que parece peque\u00f1o al inicio, pero con el tiempo se vuelve muy costoso: no utilizar aislamiento.\" \/>\n<meta property=\"og:url\" content=\"https:\/\/promaica.com\/blog\/el-error-mas-caro-al-no-usar-aislamiento-termico-en-tu-negocio-en-el-salvador\/\" \/>\n<meta property=\"og:site_name\" content=\"Blog de Aislamiento y refrigeraci\u00f3n industrial\" \/>\n<meta property=\"article:published_time\" content=\"2026-04-23T22:30:00+00:00\" \/>\n<meta property=\"og:image\" content=\"https:\/\/promaica.com\/blog\/wp-content\/uploads\/2026\/04\/CASA-CON-FOAMULAR-EN-PAREDES.jpg\" \/>\n\t<meta property=\"og:image:width\" content=\"800\" \/>\n\t<meta property=\"og:image:height\" content=\"1200\" \/>\n\t<meta property=\"og:image:type\" content=\"image\/jpeg\" \/>\n<meta name=\"author\" content=\"Morales\" \/>\n<meta name=\"twitter:card\" content=\"summary_large_image\" \/>\n<meta name=\"twitter:label1\" content=\"Escrito por\" \/>\n\t<meta name=\"twitter:data1\" content=\"Morales\" \/>\n\t<meta name=\"twitter:label2\" content=\"Tiempo de lectura\" \/>\n\t<meta name=\"twitter:data2\" content=\"3 minutos\" \/>\n<script type=\"application\/ld+json\" class=\"yoast-schema-graph\">{\"@context\":\"https:\\\/\\\/schema.org\",\"@graph\":[{\"@type\":\"Article\",\"@id\":\"https:\\\/\\\/promaica.com\\\/blog\\\/el-error-mas-caro-al-no-usar-aislamiento-termico-en-tu-negocio-en-el-salvador\\\/#article\",\"isPartOf\":{\"@id\":\"https:\\\/\\\/promaica.com\\\/blog\\\/el-error-mas-caro-al-no-usar-aislamiento-termico-en-tu-negocio-en-el-salvador\\\/\"},\"author\":{\"name\":\"Morales\",\"@id\":\"https:\\\/\\\/promaica.com\\\/blog\\\/#\\\/schema\\\/person\\\/cbe9040be67a3ea2962352f1594d2897\"},\"headline\":\"El error m\u00e1s caro al no usar aislamiento t\u00e9rmico en tu negocio en El Salvador\u00a0\u00a0\",\"datePublished\":\"2026-04-23T22:30:00+00:00\",\"mainEntityOfPage\":{\"@id\":\"https:\\\/\\\/promaica.com\\\/blog\\\/el-error-mas-caro-al-no-usar-aislamiento-termico-en-tu-negocio-en-el-salvador\\\/\"},\"wordCount\":557,\"commentCount\":0,\"publisher\":{\"@id\":\"https:\\\/\\\/promaica.com\\\/blog\\\/#organization\"},\"image\":{\"@id\":\"https:\\\/\\\/promaica.com\\\/blog\\\/el-error-mas-caro-al-no-usar-aislamiento-termico-en-tu-negocio-en-el-salvador\\\/#primaryimage\"},\"thumbnailUrl\":\"https:\\\/\\\/promaica.com\\\/blog\\\/wp-content\\\/uploads\\\/2026\\\/04\\\/icons8-carrito-de-compras-90.png\",\"keywords\":[\"#AhorroEnergetico\",\"#AislamientoTermico\",\"#ConstruccionSV\",\"#eficienciaenergetica\",\"#ErroresDeConstruccion\",\"#NegociosSV\",\"#Promaica\",\"#ReducirElCalor\"],\"articleSection\":[\"General\"],\"inLanguage\":\"es\",\"potentialAction\":[{\"@type\":\"CommentAction\",\"name\":\"Comment\",\"target\":[\"https:\\\/\\\/promaica.com\\\/blog\\\/el-error-mas-caro-al-no-usar-aislamiento-termico-en-tu-negocio-en-el-salvador\\\/#respond\"]}]},{\"@type\":\"WebPage\",\"@id\":\"https:\\\/\\\/promaica.com\\\/blog\\\/el-error-mas-caro-al-no-usar-aislamiento-termico-en-tu-negocio-en-el-salvador\\\/\",\"url\":\"https:\\\/\\\/promaica.com\\\/blog\\\/el-error-mas-caro-al-no-usar-aislamiento-termico-en-tu-negocio-en-el-salvador\\\/\",\"name\":\"El error m\u00e1s caro al no usar aislamiento t\u00e9rmico en tu negocio\",\"isPartOf\":{\"@id\":\"https:\\\/\\\/promaica.com\\\/blog\\\/#website\"},\"primaryImageOfPage\":{\"@id\":\"https:\\\/\\\/promaica.com\\\/blog\\\/el-error-mas-caro-al-no-usar-aislamiento-termico-en-tu-negocio-en-el-salvador\\\/#primaryimage\"},\"image\":{\"@id\":\"https:\\\/\\\/promaica.com\\\/blog\\\/el-error-mas-caro-al-no-usar-aislamiento-termico-en-tu-negocio-en-el-salvador\\\/#primaryimage\"},\"thumbnailUrl\":\"https:\\\/\\\/promaica.com\\\/blog\\\/wp-content\\\/uploads\\\/2026\\\/04\\\/icons8-carrito-de-compras-90.png\",\"datePublished\":\"2026-04-23T22:30:00+00:00\",\"description\":\"Negocios en El Salvador cometen un error que parece peque\u00f1o al inicio, pero con el tiempo se vuelve muy costoso: no utilizar aislamiento.\",\"breadcrumb\":{\"@id\":\"https:\\\/\\\/promaica.com\\\/blog\\\/el-error-mas-caro-al-no-usar-aislamiento-termico-en-tu-negocio-en-el-salvador\\\/#breadcrumb\"},\"inLanguage\":\"es\",\"potentialAction\":[{\"@type\":\"ReadAction\",\"target\":[\"https:\\\/\\\/promaica.com\\\/blog\\\/el-error-mas-caro-al-no-usar-aislamiento-termico-en-tu-negocio-en-el-salvador\\\/\"]}]},{\"@type\":\"ImageObject\",\"inLanguage\":\"es\",\"@id\":\"https:\\\/\\\/promaica.com\\\/blog\\\/el-error-mas-caro-al-no-usar-aislamiento-termico-en-tu-negocio-en-el-salvador\\\/#primaryimage\",\"url\":\"https:\\\/\\\/promaica.com\\\/blog\\\/wp-content\\\/uploads\\\/2026\\\/04\\\/icons8-carrito-de-compras-90.png\",\"contentUrl\":\"https:\\\/\\\/promaica.com\\\/blog\\\/wp-content\\\/uploads\\\/2026\\\/04\\\/icons8-carrito-de-compras-90.png\",\"width\":90,\"height\":90},{\"@type\":\"BreadcrumbList\",\"@id\":\"https:\\\/\\\/promaica.com\\\/blog\\\/el-error-mas-caro-al-no-usar-aislamiento-termico-en-tu-negocio-en-el-salvador\\\/#breadcrumb\",\"itemListElement\":[{\"@type\":\"ListItem\",\"position\":1,\"name\":\"Portada\",\"item\":\"https:\\\/\\\/promaica.com\\\/blog\\\/\"},{\"@type\":\"ListItem\",\"position\":2,\"name\":\"El error m\u00e1s caro al no usar aislamiento t\u00e9rmico en tu negocio en El Salvador\u00a0\u00a0\"}]},{\"@type\":\"WebSite\",\"@id\":\"https:\\\/\\\/promaica.com\\\/blog\\\/#website\",\"url\":\"https:\\\/\\\/promaica.com\\\/blog\\\/\",\"name\":\"Blog de Aislamiento y refrigeraci\u00f3n industrial\",\"description\":\"PROMAICA\",\"publisher\":{\"@id\":\"https:\\\/\\\/promaica.com\\\/blog\\\/#organization\"},\"potentialAction\":[{\"@type\":\"SearchAction\",\"target\":{\"@type\":\"EntryPoint\",\"urlTemplate\":\"https:\\\/\\\/promaica.com\\\/blog\\\/?s={search_term_string}\"},\"query-input\":{\"@type\":\"PropertyValueSpecification\",\"valueRequired\":true,\"valueName\":\"search_term_string\"}}],\"inLanguage\":\"es\"},{\"@type\":\"Organization\",\"@id\":\"https:\\\/\\\/promaica.com\\\/blog\\\/#organization\",\"name\":\"Blog de Aislamiento y refrigeraci\u00f3n industrial\",\"url\":\"https:\\\/\\\/promaica.com\\\/blog\\\/\",\"logo\":{\"@type\":\"ImageObject\",\"inLanguage\":\"es\",\"@id\":\"https:\\\/\\\/promaica.com\\\/blog\\\/#\\\/schema\\\/logo\\\/image\\\/\",\"url\":\"https:\\\/\\\/promaica.com\\\/blog\\\/wp-content\\\/uploads\\\/2021\\\/11\\\/logo-promaica-blanco.png\",\"contentUrl\":\"https:\\\/\\\/promaica.com\\\/blog\\\/wp-content\\\/uploads\\\/2021\\\/11\\\/logo-promaica-blanco.png\",\"width\":138,\"height\":40,\"caption\":\"Blog de Aislamiento y refrigeraci\u00f3n industrial\"},\"image\":{\"@id\":\"https:\\\/\\\/promaica.com\\\/blog\\\/#\\\/schema\\\/logo\\\/image\\\/\"}},{\"@type\":\"Person\",\"@id\":\"https:\\\/\\\/promaica.com\\\/blog\\\/#\\\/schema\\\/person\\\/cbe9040be67a3ea2962352f1594d2897\",\"name\":\"Morales\",\"image\":{\"@type\":\"ImageObject\",\"inLanguage\":\"es\",\"@id\":\"https:\\\/\\\/secure.gravatar.com\\\/avatar\\\/cbff1af3650cf901924b80ea245a89fc4347f631779f12c56a34dd2effbc98e4?s=96&d=mm&r=g\",\"url\":\"https:\\\/\\\/secure.gravatar.com\\\/avatar\\\/cbff1af3650cf901924b80ea245a89fc4347f631779f12c56a34dd2effbc98e4?s=96&d=mm&r=g\",\"contentUrl\":\"https:\\\/\\\/secure.gravatar.com\\\/avatar\\\/cbff1af3650cf901924b80ea245a89fc4347f631779f12c56a34dd2effbc98e4?s=96&d=mm&r=g\",\"caption\":\"Morales\"},\"url\":\"https:\\\/\\\/promaica.com\\\/blog\\\/author\\\/gabrielamorales\\\/\"}]}<\/script>\n<!-- \/ Yoast SEO plugin. -->","yoast_head_json":{"title":"El error m\u00e1s caro al no usar aislamiento t\u00e9rmico en tu negocio","description":"Negocios en El Salvador cometen un error que parece peque\u00f1o al inicio, pero con el tiempo se vuelve muy costoso: no utilizar aislamiento.","robots":{"index":"index","follow":"follow","max-snippet":"max-snippet:-1","max-image-preview":"max-image-preview:large","max-video-preview":"max-video-preview:-1"},"canonical":"https:\/\/promaica.com\/blog\/el-error-mas-caro-al-no-usar-aislamiento-termico-en-tu-negocio-en-el-salvador\/","og_locale":"es_ES","og_type":"article","og_title":"El error m\u00e1s caro al no usar aislamiento t\u00e9rmico en tu negocio","og_description":"Negocios en El Salvador cometen un error que parece peque\u00f1o al inicio, pero con el tiempo se vuelve muy costoso: no utilizar aislamiento.","og_url":"https:\/\/promaica.com\/blog\/el-error-mas-caro-al-no-usar-aislamiento-termico-en-tu-negocio-en-el-salvador\/","og_site_name":"Blog de Aislamiento y refrigeraci\u00f3n industrial","article_published_time":"2026-04-23T22:30:00+00:00","og_image":[{"width":800,"height":1200,"url":"https:\/\/promaica.com\/blog\/wp-content\/uploads\/2026\/04\/CASA-CON-FOAMULAR-EN-PAREDES.jpg","type":"image\/jpeg"}],"author":"Morales","twitter_card":"summary_large_image","twitter_misc":{"Escrito por":"Morales","Tiempo de lectura":"3 minutos"},"schema":{"@context":"https:\/\/schema.org","@graph":[{"@type":"Article","@id":"https:\/\/promaica.com\/blog\/el-error-mas-caro-al-no-usar-aislamiento-termico-en-tu-negocio-en-el-salvador\/#article","isPartOf":{"@id":"https:\/\/promaica.com\/blog\/el-error-mas-caro-al-no-usar-aislamiento-termico-en-tu-negocio-en-el-salvador\/"},"author":{"name":"Morales","@id":"https:\/\/promaica.com\/blog\/#\/schema\/person\/cbe9040be67a3ea2962352f1594d2897"},"headline":"El error m\u00e1s caro al no usar aislamiento t\u00e9rmico en tu negocio en El Salvador\u00a0\u00a0","datePublished":"2026-04-23T22:30:00+00:00","mainEntityOfPage":{"@id":"https:\/\/promaica.com\/blog\/el-error-mas-caro-al-no-usar-aislamiento-termico-en-tu-negocio-en-el-salvador\/"},"wordCount":557,"commentCount":0,"publisher":{"@id":"https:\/\/promaica.com\/blog\/#organization"},"image":{"@id":"https:\/\/promaica.com\/blog\/el-error-mas-caro-al-no-usar-aislamiento-termico-en-tu-negocio-en-el-salvador\/#primaryimage"},"thumbnailUrl":"https:\/\/promaica.com\/blog\/wp-content\/uploads\/2026\/04\/icons8-carrito-de-compras-90.png","keywords":["#AhorroEnergetico","#AislamientoTermico","#ConstruccionSV","#eficienciaenergetica","#ErroresDeConstruccion","#NegociosSV","#Promaica","#ReducirElCalor"],"articleSection":["General"],"inLanguage":"es","potentialAction":[{"@type":"CommentAction","name":"Comment","target":["https:\/\/promaica.com\/blog\/el-error-mas-caro-al-no-usar-aislamiento-termico-en-tu-negocio-en-el-salvador\/#respond"]}]},{"@type":"WebPage","@id":"https:\/\/promaica.com\/blog\/el-error-mas-caro-al-no-usar-aislamiento-termico-en-tu-negocio-en-el-salvador\/","url":"https:\/\/promaica.com\/blog\/el-error-mas-caro-al-no-usar-aislamiento-termico-en-tu-negocio-en-el-salvador\/","name":"El error m\u00e1s caro al no usar aislamiento t\u00e9rmico en tu negocio","isPartOf":{"@id":"https:\/\/promaica.com\/blog\/#website"},"primaryImageOfPage":{"@id":"https:\/\/promaica.com\/blog\/el-error-mas-caro-al-no-usar-aislamiento-termico-en-tu-negocio-en-el-salvador\/#primaryimage"},"image":{"@id":"https:\/\/promaica.com\/blog\/el-error-mas-caro-al-no-usar-aislamiento-termico-en-tu-negocio-en-el-salvador\/#primaryimage"},"thumbnailUrl":"https:\/\/promaica.com\/blog\/wp-content\/uploads\/2026\/04\/icons8-carrito-de-compras-90.png","datePublished":"2026-04-23T22:30:00+00:00","description":"Negocios en El Salvador cometen un error que parece peque\u00f1o al inicio, pero con el tiempo se vuelve muy costoso: no utilizar aislamiento.","breadcrumb":{"@id":"https:\/\/promaica.com\/blog\/el-error-mas-caro-al-no-usar-aislamiento-termico-en-tu-negocio-en-el-salvador\/#breadcrumb"},"inLanguage":"es","potentialAction":[{"@type":"ReadAction","target":["https:\/\/promaica.com\/blog\/el-error-mas-caro-al-no-usar-aislamiento-termico-en-tu-negocio-en-el-salvador\/"]}]},{"@type":"ImageObject","inLanguage":"es","@id":"https:\/\/promaica.com\/blog\/el-error-mas-caro-al-no-usar-aislamiento-termico-en-tu-negocio-en-el-salvador\/#primaryimage","url":"https:\/\/promaica.com\/blog\/wp-content\/uploads\/2026\/04\/icons8-carrito-de-compras-90.png","contentUrl":"https:\/\/promaica.com\/blog\/wp-content\/uploads\/2026\/04\/icons8-carrito-de-compras-90.png","width":90,"height":90},{"@type":"BreadcrumbList","@id":"https:\/\/promaica.com\/blog\/el-error-mas-caro-al-no-usar-aislamiento-termico-en-tu-negocio-en-el-salvador\/#breadcrumb","itemListElement":[{"@type":"ListItem","position":1,"name":"Portada","item":"https:\/\/promaica.com\/blog\/"},{"@type":"ListItem","position":2,"name":"El error m\u00e1s caro al no usar aislamiento t\u00e9rmico en tu negocio en El Salvador\u00a0\u00a0"}]},{"@type":"WebSite","@id":"https:\/\/promaica.com\/blog\/#website","url":"https:\/\/promaica.com\/blog\/","name":"Blog de Aislamiento y refrigeraci\u00f3n industrial","description":"PROMAICA","publisher":{"@id":"https:\/\/promaica.com\/blog\/#organization"},"potentialAction":[{"@type":"SearchAction","target":{"@type":"EntryPoint","urlTemplate":"https:\/\/promaica.com\/blog\/?s={search_term_string}"},"query-input":{"@type":"PropertyValueSpecification","valueRequired":true,"valueName":"search_term_string"}}],"inLanguage":"es"},{"@type":"Organization","@id":"https:\/\/promaica.com\/blog\/#organization","name":"Blog de Aislamiento y refrigeraci\u00f3n industrial","url":"https:\/\/promaica.com\/blog\/","logo":{"@type":"ImageObject","inLanguage":"es","@id":"https:\/\/promaica.com\/blog\/#\/schema\/logo\/image\/","url":"https:\/\/promaica.com\/blog\/wp-content\/uploads\/2021\/11\/logo-promaica-blanco.png","contentUrl":"https:\/\/promaica.com\/blog\/wp-content\/uploads\/2021\/11\/logo-promaica-blanco.png","width":138,"height":40,"caption":"Blog de Aislamiento y refrigeraci\u00f3n industrial"},"image":{"@id":"https:\/\/promaica.com\/blog\/#\/schema\/logo\/image\/"}},{"@type":"Person","@id":"https:\/\/promaica.com\/blog\/#\/schema\/person\/cbe9040be67a3ea2962352f1594d2897","name":"Morales","image":{"@type":"ImageObject","inLanguage":"es","@id":"https:\/\/secure.gravatar.com\/avatar\/cbff1af3650cf901924b80ea245a89fc4347f631779f12c56a34dd2effbc98e4?s=96&d=mm&r=g","url":"https:\/\/secure.gravatar.com\/avatar\/cbff1af3650cf901924b80ea245a89fc4347f631779f12c56a34dd2effbc98e4?s=96&d=mm&r=g","contentUrl":"https:\/\/secure.gravatar.com\/avatar\/cbff1af3650cf901924b80ea245a89fc4347f631779f12c56a34dd2effbc98e4?s=96&d=mm&r=g","caption":"Morales"},"url":"https:\/\/promaica.com\/blog\/author\/gabrielamorales\/"}]}},"_links":{"self":[{"href":"https:\/\/promaica.com\/blog\/wp-json\/wp\/v2\/posts\/1937","targetHints":{"allow":["GET"]}}],"collection":[{"href":"https:\/\/promaica.com\/blog\/wp-json\/wp\/v2\/posts"}],"about":[{"href":"https:\/\/promaica.com\/blog\/wp-json\/wp\/v2\/types\/post"}],"author":[{"embeddable":true,"href":"https:\/\/promaica.com\/blog\/wp-json\/wp\/v2\/users\/13"}],"replies":[{"embeddable":true,"href":"https:\/\/promaica.com\/blog\/wp-json\/wp\/v2\/comments?post=1937"}],"version-history":[{"count":4,"href":"https:\/\/promaica.com\/blog\/wp-json\/wp\/v2\/posts\/1937\/revisions"}],"predecessor-version":[{"id":1941,"href":"https:\/\/promaica.com\/blog\/wp-json\/wp\/v2\/posts\/1937\/revisions\/1941"}],"wp:attachment":[{"href":"https:\/\/promaica.com\/blog\/wp-json\/wp\/v2\/media?parent=1937"}],"wp:term":[{"taxonomy":"category","embeddable":true,"href":"https:\/\/promaica.com\/blog\/wp-json\/wp\/v2\/categories?post=1937"},{"taxonomy":"post_tag","embeddable":true,"href":"https:\/\/promaica.com\/blog\/wp-json\/wp\/v2\/tags?post=1937"}],"curies":[{"name":"wp","href":"https:\/\/api.w.org\/{rel}","templated":true}]}}