{"id":1333,"date":"2022-08-20T16:07:47","date_gmt":"2022-08-20T22:07:47","guid":{"rendered":"https:\/\/promaica.com\/blog\/?p=1333"},"modified":"2022-08-20T16:07:48","modified_gmt":"2022-08-20T22:07:48","slug":"como-calcular-la-capacidad-que-necesitan-las-rampas-del-muelle-de-carga-en-tu-negocio-%ef%bf%bc","status":"publish","type":"post","link":"https:\/\/promaica.com\/blog\/como-calcular-la-capacidad-que-necesitan-las-rampas-del-muelle-de-carga-en-tu-negocio-%ef%bf%bc\/","title":{"rendered":"\u00a0C\u00d3MO CALCULAR LA CAPACIDAD QUE NECESITAN LAS RAMPAS DEL MUELLE DE CARGA EN TU NEGOCIO.\ufffc"},"content":{"rendered":"\n<p><\/p>\n\n\n\n<figure class=\"wp-block-image size-full\"><img fetchpriority=\"high\" decoding=\"async\" width=\"1024\" height=\"594\" src=\"https:\/\/promaica.com\/blog\/wp-content\/uploads\/2022\/08\/PORTADA-1.jpg\" alt=\"\" class=\"wp-image-1370\" srcset=\"https:\/\/promaica.com\/blog\/wp-content\/uploads\/2022\/08\/PORTADA-1.jpg 1024w, https:\/\/promaica.com\/blog\/wp-content\/uploads\/2022\/08\/PORTADA-1-300x174.jpg 300w, https:\/\/promaica.com\/blog\/wp-content\/uploads\/2022\/08\/PORTADA-1-768x446.jpg 768w\" sizes=\"(max-width: 1024px) 100vw, 1024px\" \/><\/figure>\n\n\n\n<h2 class=\"has-ast-global-color-0-color has-text-color has-large-font-size wp-block-heading\"><strong>\u00bfQu\u00e9 es una rampa del muelle de carga y cu\u00e1l es su funci\u00f3n?<\/strong><\/h2>\n\n\n\n<blockquote class=\"wp-block-quote is-layout-flow wp-block-quote-is-layout-flow\"><p>\u00abLa rampa del muelle de carga, se define como: \u201cLa soluci\u00f3n ideal para salvar la diferencia de distancia entre los muelles de cargas y el cami\u00f3n, gracias a su estructura que nos brinda estabilidad para mover mercader\u00eda pesada de un lugar a otro\u201d.<\/p><\/blockquote>\n\n\n\n<figure class=\"wp-block-image size-full is-resized\"><img decoding=\"async\" src=\"https:\/\/promaica.com\/blog\/wp-content\/uploads\/2022\/08\/MUELLE-DE-CARGA.jpg\" alt=\"\" class=\"wp-image-1371\" width=\"620\" height=\"359\" srcset=\"https:\/\/promaica.com\/blog\/wp-content\/uploads\/2022\/08\/MUELLE-DE-CARGA.jpg 1024w, https:\/\/promaica.com\/blog\/wp-content\/uploads\/2022\/08\/MUELLE-DE-CARGA-300x174.jpg 300w, https:\/\/promaica.com\/blog\/wp-content\/uploads\/2022\/08\/MUELLE-DE-CARGA-768x446.jpg 768w\" sizes=\"(max-width: 620px) 100vw, 620px\" \/><\/figure>\n\n\n\n<p>La funci\u00f3n de la rampa consiste en facilitar la distancia entre el cami\u00f3n y la rampa hidr\u00e1ulica, siendo controlado por su bot\u00f3n de activaci\u00f3n que genera la abertura del labio abatible hasta llegar a la altura que se acopla con el cami\u00f3n.<\/p>\n\n\n\n<ul class=\"wp-block-list\"><li><strong>C\u00f3mo calcular la capacidad de una rampa de carga para las necesidades de su negocio.<\/strong><\/li><\/ul>\n\n\n\n<p>El c\u00e1lculo de la capacidad de la rampa es un tanto complicada, esto se determina a trav\u00e9s del n\u00famero de placa asignado a los distintos modelos de rampa existentes en el mercado, surgen desde un nivel r\u00e1pido, intermedio o pesado, esto depende mucho de nivel de fuerza que se requiera por parte de las actividades realizadas por la empresa interesada.<\/p>\n\n\n\n<figure class=\"wp-block-image size-large is-resized\"><img decoding=\"async\" src=\"https:\/\/promaica.com\/blog\/wp-content\/uploads\/2022\/08\/RAMPA-HIDRAULICA-1024x1024.jpg\" alt=\"\" class=\"wp-image-1372\" width=\"498\" height=\"498\" srcset=\"https:\/\/promaica.com\/blog\/wp-content\/uploads\/2022\/08\/RAMPA-HIDRAULICA-1024x1024.jpg 1024w, https:\/\/promaica.com\/blog\/wp-content\/uploads\/2022\/08\/RAMPA-HIDRAULICA-300x300.jpg 300w, https:\/\/promaica.com\/blog\/wp-content\/uploads\/2022\/08\/RAMPA-HIDRAULICA-150x150.jpg 150w, https:\/\/promaica.com\/blog\/wp-content\/uploads\/2022\/08\/RAMPA-HIDRAULICA-768x768.jpg 768w, https:\/\/promaica.com\/blog\/wp-content\/uploads\/2022\/08\/RAMPA-HIDRAULICA.jpg 1200w\" sizes=\"(max-width: 498px) 100vw, 498px\" \/><\/figure>\n\n\n\n<p>El n\u00famero de placa nos ayuda a comprender la capacidad m\u00e1xima de peso que tiene una rampa y se refleja a trav\u00e9s de kil\u00f3metros, pero tambi\u00e9n debemos aprender a diferenciar entre la capacidad est\u00e1tica y capacidad din\u00e1mica.<\/p>\n\n\n\n<p>Dicho lo anterior, nos ayudar\u00e1 a comprender con mayor facilidad el proceso de c\u00e1lculo, pero dato se recomienda una velocidad m\u00e1xima de 10 km\/h y recomendable 2\u202fkm\/h y 3\u202fkm\/h.<\/p>\n\n\n\n<ul class=\"wp-block-list\"><li><strong>Capacidad est\u00e1tica.<\/strong><\/li><\/ul>\n\n\n\n<figure class=\"wp-block-image size-full is-resized\"><img loading=\"lazy\" decoding=\"async\" src=\"https:\/\/promaica.com\/blog\/wp-content\/uploads\/2022\/08\/CAPACIDAD-ESTATICA.png\" alt=\"\" class=\"wp-image-1373\" width=\"193\" height=\"193\" srcset=\"https:\/\/promaica.com\/blog\/wp-content\/uploads\/2022\/08\/CAPACIDAD-ESTATICA.png 512w, https:\/\/promaica.com\/blog\/wp-content\/uploads\/2022\/08\/CAPACIDAD-ESTATICA-300x300.png 300w, https:\/\/promaica.com\/blog\/wp-content\/uploads\/2022\/08\/CAPACIDAD-ESTATICA-150x150.png 150w\" sizes=\"(max-width: 193px) 100vw, 193px\" \/><\/figure>\n\n\n\n<p>Es la carga \u201cinm\u00f3vil\u201d que soporta la plataforma mientras est\u00e1 reposando, tambi\u00e9n se caracteriza por su mayor dinamismo a comparaci\u00f3n de la capacidad est\u00e1tica, lo cual brinda un rendimiento a la carga de la mercader\u00eda por alta energ\u00eda en movimiento.<\/p>\n\n\n\n<ul class=\"wp-block-list\"><li><strong>Capacidad din\u00e1mica.<\/strong>&nbsp;<\/li><\/ul>\n\n\n\n<figure class=\"wp-block-image size-full is-resized\"><img loading=\"lazy\" decoding=\"async\" src=\"https:\/\/promaica.com\/blog\/wp-content\/uploads\/2022\/08\/CAPACIDAD-DINAMICA.png\" alt=\"\" class=\"wp-image-1374\" width=\"168\" height=\"168\" srcset=\"https:\/\/promaica.com\/blog\/wp-content\/uploads\/2022\/08\/CAPACIDAD-DINAMICA.png 512w, https:\/\/promaica.com\/blog\/wp-content\/uploads\/2022\/08\/CAPACIDAD-DINAMICA-300x300.png 300w, https:\/\/promaica.com\/blog\/wp-content\/uploads\/2022\/08\/CAPACIDAD-DINAMICA-150x150.png 150w\" sizes=\"(max-width: 168px) 100vw, 168px\" \/><\/figure>\n\n\n\n<p>Es la carga que logra influir en los movimientos y aumento de velocidad, logrando que se obtenga una mayor energ\u00eda para recibir un aumento en su peso de una carga est\u00e1tica.<\/p>\n\n\n\n<ul class=\"has-medium-font-size wp-block-list\"><li><strong>C\u00e1lculo:<\/strong><\/li><\/ul>\n\n\n\n<figure class=\"wp-block-image size-full is-resized\"><img loading=\"lazy\" decoding=\"async\" src=\"https:\/\/promaica.com\/blog\/wp-content\/uploads\/2022\/08\/CALCULO.png\" alt=\"\" class=\"wp-image-1375\" width=\"177\" height=\"177\" srcset=\"https:\/\/promaica.com\/blog\/wp-content\/uploads\/2022\/08\/CALCULO.png 512w, https:\/\/promaica.com\/blog\/wp-content\/uploads\/2022\/08\/CALCULO-300x300.png 300w, https:\/\/promaica.com\/blog\/wp-content\/uploads\/2022\/08\/CALCULO-150x150.png 150w\" sizes=\"(max-width: 177px) 100vw, 177px\" \/><\/figure>\n\n\n\n<p>El c\u00e1lculo para conocer la capacidad de la rampa de muelle de carga, se realiza de la siguiente manera:<\/p>\n\n\n\n<p>Primer paso: Determinar el peso real del pal\u00e9 (Plataforma) para realizar la siguiente suma:<\/p>\n\n\n\n<p><strong>Peso del pal\u00e9 + capacidad est\u00e1tica o din\u00e1mica soportada por tu rampa <\/strong>= Capacidad total.<\/p>\n\n\n\n<p>&nbsp;Suscr\u00edbete a nuestro blog para estar informado sobre este y mucho temas m\u00e1s. PROMAICA est\u00e1 capacitado para brindar soluciones personalizadas sobre equipos para muelle de carga. No dudes, en contactarnos con nosotros, que ser\u00e1 un gusto atenderlo.&nbsp;<\/p>\n\n\n\n<p><strong>\ud83d\udcde Tel. (503) 2515-0030<\/strong><\/p>\n\n\n\n<p><strong>\ud83d\udce9 E-mail: <a href=\"mailto:proyectos@promaica.com\">proyectos@promaica<\/a>.com<\/strong><\/p>\n\n\n\n<p>Agregar botones para redes sociales.<\/p>\n","protected":false},"excerpt":{"rendered":"<p>\u00bfQu\u00e9 es una rampa del muelle de carga y cu\u00e1l es su funci\u00f3n? \u00abLa rampa del muelle de carga, se define como: \u201cLa soluci\u00f3n ideal para salvar la diferencia de distancia entre los muelles de cargas y el cami\u00f3n, gracias a su estructura que nos brinda estabilidad para mover mercader\u00eda pesada de un lugar a [&hellip;]<\/p>\n","protected":false},"author":3,"featured_media":0,"comment_status":"open","ping_status":"closed","sticky":false,"template":"","format":"standard","meta":{"site-sidebar-layout":"default","site-content-layout":"","ast-site-content-layout":"default","site-content-style":"default","site-sidebar-style":"default","ast-global-header-display":"","ast-banner-title-visibility":"","ast-main-header-display":"","ast-hfb-above-header-display":"","ast-hfb-below-header-display":"","ast-hfb-mobile-header-display":"","site-post-title":"","ast-breadcrumbs-content":"","ast-featured-img":"","footer-sml-layout":"","ast-disable-related-posts":"","theme-transparent-header-meta":"","adv-header-id-meta":"","stick-header-meta":"","header-above-stick-meta":"","header-main-stick-meta":"","header-below-stick-meta":"","astra-migrate-meta-layouts":"default","ast-page-background-enabled":"default","ast-page-background-meta":{"desktop":{"background-color":"var(--ast-global-color-4)","background-image":"","background-repeat":"repeat","background-position":"center center","background-size":"auto","background-attachment":"scroll","background-type":"","background-media":"","overlay-type":"","overlay-color":"","overlay-opacity":"","overlay-gradient":""},"tablet":{"background-color":"","background-image":"","background-repeat":"repeat","background-position":"center center","background-size":"auto","background-attachment":"scroll","background-type":"","background-media":"","overlay-type":"","overlay-color":"","overlay-opacity":"","overlay-gradient":""},"mobile":{"background-color":"","background-image":"","background-repeat":"repeat","background-position":"center center","background-size":"auto","background-attachment":"scroll","background-type":"","background-media":"","overlay-type":"","overlay-color":"","overlay-opacity":"","overlay-gradient":""}},"ast-content-background-meta":{"desktop":{"background-color":"var(--ast-global-color-5)","background-image":"","background-repeat":"repeat","background-position":"center center","background-size":"auto","background-attachment":"scroll","background-type":"","background-media":"","overlay-type":"","overlay-color":"","overlay-opacity":"","overlay-gradient":""},"tablet":{"background-color":"var(--ast-global-color-5)","background-image":"","background-repeat":"repeat","background-position":"center center","background-size":"auto","background-attachment":"scroll","background-type":"","background-media":"","overlay-type":"","overlay-color":"","overlay-opacity":"","overlay-gradient":""},"mobile":{"background-color":"var(--ast-global-color-5)","background-image":"","background-repeat":"repeat","background-position":"center center","background-size":"auto","background-attachment":"scroll","background-type":"","background-media":"","overlay-type":"","overlay-color":"","overlay-opacity":"","overlay-gradient":""}},"footnotes":""},"categories":[1],"tags":[84,85,83],"class_list":["post-1333","post","type-post","status-publish","format-standard","hentry","category-general","tag-abrigo-retractiles","tag-capacidad-maxima","tag-muelle-de-carga"],"yoast_head":"<!-- This site is optimized with the Yoast SEO plugin v27.4 - https:\/\/yoast.com\/product\/yoast-seo-wordpress\/ -->\n<title>\u00a0C\u00d3MO CALCULAR LA CAPACIDAD QUE NECESITAN LAS RAMPAS DEL MUELLE DE CARGA EN TU NEGOCIO.\ufffc - Blog de Aislamiento y refrigeraci\u00f3n industrial<\/title>\n<meta name=\"description\" content=\"El c\u00e1lculo de la capacidad de la rampa es un tanto complicada, esto se determina a trav\u00e9s del n\u00famero de placa asignado a los distintos modelos de rampa existentes en el mercado, surgen desde un nivel r\u00e1pido, intermedio o pesado, esto depende mucho de nivel de fuerza que se requiera por parte de las actividades realizadas por la empresa interesada.\" \/>\n<meta name=\"robots\" content=\"index, follow, max-snippet:-1, max-image-preview:large, max-video-preview:-1\" \/>\n<link rel=\"canonical\" href=\"https:\/\/promaica.com\/blog\/como-calcular-la-capacidad-que-necesitan-las-rampas-del-muelle-de-carga-en-tu-negocio-\ufffc\/\" \/>\n<meta property=\"og:locale\" content=\"es_ES\" \/>\n<meta property=\"og:type\" content=\"article\" \/>\n<meta property=\"og:title\" content=\"\u00a0C\u00d3MO CALCULAR LA CAPACIDAD QUE NECESITAN LAS RAMPAS DEL MUELLE DE CARGA EN TU NEGOCIO.\ufffc - Blog de Aislamiento y refrigeraci\u00f3n industrial\" \/>\n<meta property=\"og:description\" content=\"El c\u00e1lculo de la capacidad de la rampa es un tanto complicada, esto se determina a trav\u00e9s del n\u00famero de placa asignado a los distintos modelos de rampa existentes en el mercado, surgen desde un nivel r\u00e1pido, intermedio o pesado, esto depende mucho de nivel de fuerza que se requiera por parte de las actividades realizadas por la empresa interesada.\" \/>\n<meta property=\"og:url\" content=\"https:\/\/promaica.com\/blog\/como-calcular-la-capacidad-que-necesitan-las-rampas-del-muelle-de-carga-en-tu-negocio-\ufffc\/\" \/>\n<meta property=\"og:site_name\" content=\"Blog de Aislamiento y refrigeraci\u00f3n industrial\" \/>\n<meta property=\"article:published_time\" content=\"2022-08-20T22:07:47+00:00\" \/>\n<meta property=\"article:modified_time\" content=\"2022-08-20T22:07:48+00:00\" \/>\n<meta property=\"og:image\" content=\"https:\/\/promaica.com\/blog\/wp-content\/uploads\/2022\/08\/PORTADA-1.jpg\" \/>\n<meta name=\"author\" content=\"Alex Mendoza\" \/>\n<meta name=\"twitter:card\" content=\"summary_large_image\" \/>\n<meta name=\"twitter:label1\" content=\"Escrito por\" \/>\n\t<meta name=\"twitter:data1\" content=\"Alex Mendoza\" \/>\n<script type=\"application\/ld+json\" class=\"yoast-schema-graph\">{\"@context\":\"https:\\\/\\\/schema.org\",\"@graph\":[{\"@type\":\"Article\",\"@id\":\"https:\\\/\\\/promaica.com\\\/blog\\\/como-calcular-la-capacidad-que-necesitan-las-rampas-del-muelle-de-carga-en-tu-negocio-%ef%bf%bc\\\/#article\",\"isPartOf\":{\"@id\":\"https:\\\/\\\/promaica.com\\\/blog\\\/como-calcular-la-capacidad-que-necesitan-las-rampas-del-muelle-de-carga-en-tu-negocio-%ef%bf%bc\\\/\"},\"author\":{\"name\":\"Alex Mendoza\",\"@id\":\"https:\\\/\\\/promaica.com\\\/blog\\\/#\\\/schema\\\/person\\\/5b4e42b4fca0e4be070fb4ccb62af05b\"},\"headline\":\"\u00a0C\u00d3MO CALCULAR LA CAPACIDAD QUE NECESITAN LAS RAMPAS DEL MUELLE DE CARGA EN TU NEGOCIO.\ufffc\",\"datePublished\":\"2022-08-20T22:07:47+00:00\",\"dateModified\":\"2022-08-20T22:07:48+00:00\",\"mainEntityOfPage\":{\"@id\":\"https:\\\/\\\/promaica.com\\\/blog\\\/como-calcular-la-capacidad-que-necesitan-las-rampas-del-muelle-de-carga-en-tu-negocio-%ef%bf%bc\\\/\"},\"wordCount\":471,\"commentCount\":0,\"publisher\":{\"@id\":\"https:\\\/\\\/promaica.com\\\/blog\\\/#organization\"},\"image\":{\"@id\":\"https:\\\/\\\/promaica.com\\\/blog\\\/como-calcular-la-capacidad-que-necesitan-las-rampas-del-muelle-de-carga-en-tu-negocio-%ef%bf%bc\\\/#primaryimage\"},\"thumbnailUrl\":\"https:\\\/\\\/promaica.com\\\/blog\\\/wp-content\\\/uploads\\\/2022\\\/08\\\/PORTADA-1.jpg\",\"keywords\":[\"ABRIGO RETRACTILES\",\"CAPACIDAD MAXIMA\",\"MUELLE DE CARGA\"],\"articleSection\":[\"General\"],\"inLanguage\":\"es\",\"potentialAction\":[{\"@type\":\"CommentAction\",\"name\":\"Comment\",\"target\":[\"https:\\\/\\\/promaica.com\\\/blog\\\/como-calcular-la-capacidad-que-necesitan-las-rampas-del-muelle-de-carga-en-tu-negocio-%ef%bf%bc\\\/#respond\"]}]},{\"@type\":\"WebPage\",\"@id\":\"https:\\\/\\\/promaica.com\\\/blog\\\/como-calcular-la-capacidad-que-necesitan-las-rampas-del-muelle-de-carga-en-tu-negocio-%ef%bf%bc\\\/\",\"url\":\"https:\\\/\\\/promaica.com\\\/blog\\\/como-calcular-la-capacidad-que-necesitan-las-rampas-del-muelle-de-carga-en-tu-negocio-%ef%bf%bc\\\/\",\"name\":\"\u00a0C\u00d3MO CALCULAR LA CAPACIDAD QUE NECESITAN LAS RAMPAS DEL MUELLE DE CARGA EN TU NEGOCIO.\ufffc - Blog de Aislamiento y refrigeraci\u00f3n industrial\",\"isPartOf\":{\"@id\":\"https:\\\/\\\/promaica.com\\\/blog\\\/#website\"},\"primaryImageOfPage\":{\"@id\":\"https:\\\/\\\/promaica.com\\\/blog\\\/como-calcular-la-capacidad-que-necesitan-las-rampas-del-muelle-de-carga-en-tu-negocio-%ef%bf%bc\\\/#primaryimage\"},\"image\":{\"@id\":\"https:\\\/\\\/promaica.com\\\/blog\\\/como-calcular-la-capacidad-que-necesitan-las-rampas-del-muelle-de-carga-en-tu-negocio-%ef%bf%bc\\\/#primaryimage\"},\"thumbnailUrl\":\"https:\\\/\\\/promaica.com\\\/blog\\\/wp-content\\\/uploads\\\/2022\\\/08\\\/PORTADA-1.jpg\",\"datePublished\":\"2022-08-20T22:07:47+00:00\",\"dateModified\":\"2022-08-20T22:07:48+00:00\",\"description\":\"El c\u00e1lculo de la capacidad de la rampa es un tanto complicada, esto se determina a trav\u00e9s del n\u00famero de placa asignado a los distintos modelos de rampa existentes en el mercado, surgen desde un nivel r\u00e1pido, intermedio o pesado, esto depende mucho de nivel de fuerza que se requiera por parte de las actividades realizadas por la empresa interesada.\",\"breadcrumb\":{\"@id\":\"https:\\\/\\\/promaica.com\\\/blog\\\/como-calcular-la-capacidad-que-necesitan-las-rampas-del-muelle-de-carga-en-tu-negocio-%ef%bf%bc\\\/#breadcrumb\"},\"inLanguage\":\"es\",\"potentialAction\":[{\"@type\":\"ReadAction\",\"target\":[\"https:\\\/\\\/promaica.com\\\/blog\\\/como-calcular-la-capacidad-que-necesitan-las-rampas-del-muelle-de-carga-en-tu-negocio-%ef%bf%bc\\\/\"]}]},{\"@type\":\"ImageObject\",\"inLanguage\":\"es\",\"@id\":\"https:\\\/\\\/promaica.com\\\/blog\\\/como-calcular-la-capacidad-que-necesitan-las-rampas-del-muelle-de-carga-en-tu-negocio-%ef%bf%bc\\\/#primaryimage\",\"url\":\"https:\\\/\\\/promaica.com\\\/blog\\\/wp-content\\\/uploads\\\/2022\\\/08\\\/PORTADA-1.jpg\",\"contentUrl\":\"https:\\\/\\\/promaica.com\\\/blog\\\/wp-content\\\/uploads\\\/2022\\\/08\\\/PORTADA-1.jpg\",\"width\":1024,\"height\":594},{\"@type\":\"BreadcrumbList\",\"@id\":\"https:\\\/\\\/promaica.com\\\/blog\\\/como-calcular-la-capacidad-que-necesitan-las-rampas-del-muelle-de-carga-en-tu-negocio-%ef%bf%bc\\\/#breadcrumb\",\"itemListElement\":[{\"@type\":\"ListItem\",\"position\":1,\"name\":\"Portada\",\"item\":\"https:\\\/\\\/promaica.com\\\/blog\\\/\"},{\"@type\":\"ListItem\",\"position\":2,\"name\":\"\u00a0C\u00d3MO CALCULAR LA CAPACIDAD QUE NECESITAN LAS RAMPAS DEL MUELLE DE CARGA EN TU NEGOCIO.\ufffc\"}]},{\"@type\":\"WebSite\",\"@id\":\"https:\\\/\\\/promaica.com\\\/blog\\\/#website\",\"url\":\"https:\\\/\\\/promaica.com\\\/blog\\\/\",\"name\":\"Blog de Aislamiento y refrigeraci\u00f3n industrial\",\"description\":\"PROMAICA\",\"publisher\":{\"@id\":\"https:\\\/\\\/promaica.com\\\/blog\\\/#organization\"},\"potentialAction\":[{\"@type\":\"SearchAction\",\"target\":{\"@type\":\"EntryPoint\",\"urlTemplate\":\"https:\\\/\\\/promaica.com\\\/blog\\\/?s={search_term_string}\"},\"query-input\":{\"@type\":\"PropertyValueSpecification\",\"valueRequired\":true,\"valueName\":\"search_term_string\"}}],\"inLanguage\":\"es\"},{\"@type\":\"Organization\",\"@id\":\"https:\\\/\\\/promaica.com\\\/blog\\\/#organization\",\"name\":\"Blog de Aislamiento y refrigeraci\u00f3n industrial\",\"url\":\"https:\\\/\\\/promaica.com\\\/blog\\\/\",\"logo\":{\"@type\":\"ImageObject\",\"inLanguage\":\"es\",\"@id\":\"https:\\\/\\\/promaica.com\\\/blog\\\/#\\\/schema\\\/logo\\\/image\\\/\",\"url\":\"https:\\\/\\\/promaica.com\\\/blog\\\/wp-content\\\/uploads\\\/2021\\\/11\\\/logo-promaica-blanco.png\",\"contentUrl\":\"https:\\\/\\\/promaica.com\\\/blog\\\/wp-content\\\/uploads\\\/2021\\\/11\\\/logo-promaica-blanco.png\",\"width\":138,\"height\":40,\"caption\":\"Blog de Aislamiento y refrigeraci\u00f3n industrial\"},\"image\":{\"@id\":\"https:\\\/\\\/promaica.com\\\/blog\\\/#\\\/schema\\\/logo\\\/image\\\/\"}},{\"@type\":\"Person\",\"@id\":\"https:\\\/\\\/promaica.com\\\/blog\\\/#\\\/schema\\\/person\\\/5b4e42b4fca0e4be070fb4ccb62af05b\",\"name\":\"Alex Mendoza\",\"image\":{\"@type\":\"ImageObject\",\"inLanguage\":\"es\",\"@id\":\"https:\\\/\\\/secure.gravatar.com\\\/avatar\\\/222388fe8fbbe765a6b6c2bccc4ab57305aa761c180155c59c4e2f8734203e6b?s=96&d=mm&r=g\",\"url\":\"https:\\\/\\\/secure.gravatar.com\\\/avatar\\\/222388fe8fbbe765a6b6c2bccc4ab57305aa761c180155c59c4e2f8734203e6b?s=96&d=mm&r=g\",\"contentUrl\":\"https:\\\/\\\/secure.gravatar.com\\\/avatar\\\/222388fe8fbbe765a6b6c2bccc4ab57305aa761c180155c59c4e2f8734203e6b?s=96&d=mm&r=g\",\"caption\":\"Alex Mendoza\"},\"url\":\"https:\\\/\\\/promaica.com\\\/blog\\\/author\\\/alexmendoza\\\/\"}]}<\/script>\n<!-- \/ Yoast SEO plugin. -->","yoast_head_json":{"title":"\u00a0C\u00d3MO CALCULAR LA CAPACIDAD QUE NECESITAN LAS RAMPAS DEL MUELLE DE CARGA EN TU NEGOCIO.\ufffc - Blog de Aislamiento y refrigeraci\u00f3n industrial","description":"El c\u00e1lculo de la capacidad de la rampa es un tanto complicada, esto se determina a trav\u00e9s del n\u00famero de placa asignado a los distintos modelos de rampa existentes en el mercado, surgen desde un nivel r\u00e1pido, intermedio o pesado, esto depende mucho de nivel de fuerza que se requiera por parte de las actividades realizadas por la empresa interesada.","robots":{"index":"index","follow":"follow","max-snippet":"max-snippet:-1","max-image-preview":"max-image-preview:large","max-video-preview":"max-video-preview:-1"},"canonical":"https:\/\/promaica.com\/blog\/como-calcular-la-capacidad-que-necesitan-las-rampas-del-muelle-de-carga-en-tu-negocio-\ufffc\/","og_locale":"es_ES","og_type":"article","og_title":"\u00a0C\u00d3MO CALCULAR LA CAPACIDAD QUE NECESITAN LAS RAMPAS DEL MUELLE DE CARGA EN TU NEGOCIO.\ufffc - Blog de Aislamiento y refrigeraci\u00f3n industrial","og_description":"El c\u00e1lculo de la capacidad de la rampa es un tanto complicada, esto se determina a trav\u00e9s del n\u00famero de placa asignado a los distintos modelos de rampa existentes en el mercado, surgen desde un nivel r\u00e1pido, intermedio o pesado, esto depende mucho de nivel de fuerza que se requiera por parte de las actividades realizadas por la empresa interesada.","og_url":"https:\/\/promaica.com\/blog\/como-calcular-la-capacidad-que-necesitan-las-rampas-del-muelle-de-carga-en-tu-negocio-\ufffc\/","og_site_name":"Blog de Aislamiento y refrigeraci\u00f3n industrial","article_published_time":"2022-08-20T22:07:47+00:00","article_modified_time":"2022-08-20T22:07:48+00:00","og_image":[{"url":"https:\/\/promaica.com\/blog\/wp-content\/uploads\/2022\/08\/PORTADA-1.jpg","type":"","width":"","height":""}],"author":"Alex Mendoza","twitter_card":"summary_large_image","twitter_misc":{"Escrito por":"Alex Mendoza"},"schema":{"@context":"https:\/\/schema.org","@graph":[{"@type":"Article","@id":"https:\/\/promaica.com\/blog\/como-calcular-la-capacidad-que-necesitan-las-rampas-del-muelle-de-carga-en-tu-negocio-%ef%bf%bc\/#article","isPartOf":{"@id":"https:\/\/promaica.com\/blog\/como-calcular-la-capacidad-que-necesitan-las-rampas-del-muelle-de-carga-en-tu-negocio-%ef%bf%bc\/"},"author":{"name":"Alex Mendoza","@id":"https:\/\/promaica.com\/blog\/#\/schema\/person\/5b4e42b4fca0e4be070fb4ccb62af05b"},"headline":"\u00a0C\u00d3MO CALCULAR LA CAPACIDAD QUE NECESITAN LAS RAMPAS DEL MUELLE DE CARGA EN TU NEGOCIO.\ufffc","datePublished":"2022-08-20T22:07:47+00:00","dateModified":"2022-08-20T22:07:48+00:00","mainEntityOfPage":{"@id":"https:\/\/promaica.com\/blog\/como-calcular-la-capacidad-que-necesitan-las-rampas-del-muelle-de-carga-en-tu-negocio-%ef%bf%bc\/"},"wordCount":471,"commentCount":0,"publisher":{"@id":"https:\/\/promaica.com\/blog\/#organization"},"image":{"@id":"https:\/\/promaica.com\/blog\/como-calcular-la-capacidad-que-necesitan-las-rampas-del-muelle-de-carga-en-tu-negocio-%ef%bf%bc\/#primaryimage"},"thumbnailUrl":"https:\/\/promaica.com\/blog\/wp-content\/uploads\/2022\/08\/PORTADA-1.jpg","keywords":["ABRIGO RETRACTILES","CAPACIDAD MAXIMA","MUELLE DE CARGA"],"articleSection":["General"],"inLanguage":"es","potentialAction":[{"@type":"CommentAction","name":"Comment","target":["https:\/\/promaica.com\/blog\/como-calcular-la-capacidad-que-necesitan-las-rampas-del-muelle-de-carga-en-tu-negocio-%ef%bf%bc\/#respond"]}]},{"@type":"WebPage","@id":"https:\/\/promaica.com\/blog\/como-calcular-la-capacidad-que-necesitan-las-rampas-del-muelle-de-carga-en-tu-negocio-%ef%bf%bc\/","url":"https:\/\/promaica.com\/blog\/como-calcular-la-capacidad-que-necesitan-las-rampas-del-muelle-de-carga-en-tu-negocio-%ef%bf%bc\/","name":"\u00a0C\u00d3MO CALCULAR LA CAPACIDAD QUE NECESITAN LAS RAMPAS DEL MUELLE DE CARGA EN TU NEGOCIO.\ufffc - Blog de Aislamiento y refrigeraci\u00f3n industrial","isPartOf":{"@id":"https:\/\/promaica.com\/blog\/#website"},"primaryImageOfPage":{"@id":"https:\/\/promaica.com\/blog\/como-calcular-la-capacidad-que-necesitan-las-rampas-del-muelle-de-carga-en-tu-negocio-%ef%bf%bc\/#primaryimage"},"image":{"@id":"https:\/\/promaica.com\/blog\/como-calcular-la-capacidad-que-necesitan-las-rampas-del-muelle-de-carga-en-tu-negocio-%ef%bf%bc\/#primaryimage"},"thumbnailUrl":"https:\/\/promaica.com\/blog\/wp-content\/uploads\/2022\/08\/PORTADA-1.jpg","datePublished":"2022-08-20T22:07:47+00:00","dateModified":"2022-08-20T22:07:48+00:00","description":"El c\u00e1lculo de la capacidad de la rampa es un tanto complicada, esto se determina a trav\u00e9s del n\u00famero de placa asignado a los distintos modelos de rampa existentes en el mercado, surgen desde un nivel r\u00e1pido, intermedio o pesado, esto depende mucho de nivel de fuerza que se requiera por parte de las actividades realizadas por la empresa interesada.","breadcrumb":{"@id":"https:\/\/promaica.com\/blog\/como-calcular-la-capacidad-que-necesitan-las-rampas-del-muelle-de-carga-en-tu-negocio-%ef%bf%bc\/#breadcrumb"},"inLanguage":"es","potentialAction":[{"@type":"ReadAction","target":["https:\/\/promaica.com\/blog\/como-calcular-la-capacidad-que-necesitan-las-rampas-del-muelle-de-carga-en-tu-negocio-%ef%bf%bc\/"]}]},{"@type":"ImageObject","inLanguage":"es","@id":"https:\/\/promaica.com\/blog\/como-calcular-la-capacidad-que-necesitan-las-rampas-del-muelle-de-carga-en-tu-negocio-%ef%bf%bc\/#primaryimage","url":"https:\/\/promaica.com\/blog\/wp-content\/uploads\/2022\/08\/PORTADA-1.jpg","contentUrl":"https:\/\/promaica.com\/blog\/wp-content\/uploads\/2022\/08\/PORTADA-1.jpg","width":1024,"height":594},{"@type":"BreadcrumbList","@id":"https:\/\/promaica.com\/blog\/como-calcular-la-capacidad-que-necesitan-las-rampas-del-muelle-de-carga-en-tu-negocio-%ef%bf%bc\/#breadcrumb","itemListElement":[{"@type":"ListItem","position":1,"name":"Portada","item":"https:\/\/promaica.com\/blog\/"},{"@type":"ListItem","position":2,"name":"\u00a0C\u00d3MO CALCULAR LA CAPACIDAD QUE NECESITAN LAS RAMPAS DEL MUELLE DE CARGA EN TU NEGOCIO.\ufffc"}]},{"@type":"WebSite","@id":"https:\/\/promaica.com\/blog\/#website","url":"https:\/\/promaica.com\/blog\/","name":"Blog de Aislamiento y refrigeraci\u00f3n industrial","description":"PROMAICA","publisher":{"@id":"https:\/\/promaica.com\/blog\/#organization"},"potentialAction":[{"@type":"SearchAction","target":{"@type":"EntryPoint","urlTemplate":"https:\/\/promaica.com\/blog\/?s={search_term_string}"},"query-input":{"@type":"PropertyValueSpecification","valueRequired":true,"valueName":"search_term_string"}}],"inLanguage":"es"},{"@type":"Organization","@id":"https:\/\/promaica.com\/blog\/#organization","name":"Blog de Aislamiento y refrigeraci\u00f3n industrial","url":"https:\/\/promaica.com\/blog\/","logo":{"@type":"ImageObject","inLanguage":"es","@id":"https:\/\/promaica.com\/blog\/#\/schema\/logo\/image\/","url":"https:\/\/promaica.com\/blog\/wp-content\/uploads\/2021\/11\/logo-promaica-blanco.png","contentUrl":"https:\/\/promaica.com\/blog\/wp-content\/uploads\/2021\/11\/logo-promaica-blanco.png","width":138,"height":40,"caption":"Blog de Aislamiento y refrigeraci\u00f3n industrial"},"image":{"@id":"https:\/\/promaica.com\/blog\/#\/schema\/logo\/image\/"}},{"@type":"Person","@id":"https:\/\/promaica.com\/blog\/#\/schema\/person\/5b4e42b4fca0e4be070fb4ccb62af05b","name":"Alex Mendoza","image":{"@type":"ImageObject","inLanguage":"es","@id":"https:\/\/secure.gravatar.com\/avatar\/222388fe8fbbe765a6b6c2bccc4ab57305aa761c180155c59c4e2f8734203e6b?s=96&d=mm&r=g","url":"https:\/\/secure.gravatar.com\/avatar\/222388fe8fbbe765a6b6c2bccc4ab57305aa761c180155c59c4e2f8734203e6b?s=96&d=mm&r=g","contentUrl":"https:\/\/secure.gravatar.com\/avatar\/222388fe8fbbe765a6b6c2bccc4ab57305aa761c180155c59c4e2f8734203e6b?s=96&d=mm&r=g","caption":"Alex Mendoza"},"url":"https:\/\/promaica.com\/blog\/author\/alexmendoza\/"}]}},"_links":{"self":[{"href":"https:\/\/promaica.com\/blog\/wp-json\/wp\/v2\/posts\/1333","targetHints":{"allow":["GET"]}}],"collection":[{"href":"https:\/\/promaica.com\/blog\/wp-json\/wp\/v2\/posts"}],"about":[{"href":"https:\/\/promaica.com\/blog\/wp-json\/wp\/v2\/types\/post"}],"author":[{"embeddable":true,"href":"https:\/\/promaica.com\/blog\/wp-json\/wp\/v2\/users\/3"}],"replies":[{"embeddable":true,"href":"https:\/\/promaica.com\/blog\/wp-json\/wp\/v2\/comments?post=1333"}],"version-history":[{"count":2,"href":"https:\/\/promaica.com\/blog\/wp-json\/wp\/v2\/posts\/1333\/revisions"}],"predecessor-version":[{"id":1376,"href":"https:\/\/promaica.com\/blog\/wp-json\/wp\/v2\/posts\/1333\/revisions\/1376"}],"wp:attachment":[{"href":"https:\/\/promaica.com\/blog\/wp-json\/wp\/v2\/media?parent=1333"}],"wp:term":[{"taxonomy":"category","embeddable":true,"href":"https:\/\/promaica.com\/blog\/wp-json\/wp\/v2\/categories?post=1333"},{"taxonomy":"post_tag","embeddable":true,"href":"https:\/\/promaica.com\/blog\/wp-json\/wp\/v2\/tags?post=1333"}],"curies":[{"name":"wp","href":"https:\/\/api.w.org\/{rel}","templated":true}]}}